{"id":11698,"date":"2019-04-09T14:23:01","date_gmt":"2019-04-09T12:23:01","guid":{"rendered":"https:\/\/magazine.swissinformatics.org\/minisymposium-digitalisierung-werte-und-internationale-zusammenarbeit\/"},"modified":"2022-07-02T13:10:16","modified_gmt":"2022-07-02T11:10:16","slug":"gvms2019","status":"publish","type":"post","link":"https:\/\/magazine.swissinformatics.org\/de\/gvms2019\/","title":{"rendered":"Minisymposium: \u00abDigitalisierung, Werte und internationale Zusammenarbeit\u00bb"},"content":{"rendered":"<p>Das Departement Wirtschaft der Berner Fachhochschule veranstaltet an der diesj\u00e4hrigen Generalversammlung der Schweizerischen Informatikgesellschaft eine Minikonferenz zum Thema Digitale Transformation. Dabei wird die digitale Transformation in sehr kompakter Form thematisiert. Zwei Key Note Speaker pr\u00e4sentieren die beiden Seiten der Medaille &#8211; den Wandel von Wirtschaft und Gesellschaft und den Fortschritt im IKT-Engineering. In Form einer offenen Diskussion und nicht als Podiumsdiskussion an sich werden die eingeladenen Redner w\u00e4hrend des Empfangs mit anerkannten Fachleuten von SI zusammenkommen, um alle relevanten Themen informell mit den SI-Mitgliedern zu besprechen, einschlie\u00dflich Vorstandsmitgliedern, F\u00fchrungskr\u00e4ften von SI Special Interest Groups und alle anderen teilnahmen<\/p>\n<p><strong>Information:<br \/>\n<\/strong>Datum: Dienstag, 28. Mai 2019<br \/>\nOrt: Berner Rathaus<br \/>\nZeit: 15:30 &#8211;\u00a0 18:30<br \/>\nKost: Eintritt Frei<br \/>\nSprache: English<\/p>\n<p>&nbsp;<\/p>\n<figure id=\"attachment_10600\" aria-describedby=\"caption-attachment-10600\" style=\"width: 200px\" class=\"wp-caption alignnone\"><a href=\"https:\/\/forms.gle\/Rnf1dbcLcYrX4EbC6\" target=\"_blank\" rel=\"noopener noreferrer\"><img decoding=\"async\" class=\"wp-image-10600 size-full\" src=\"https:\/\/magazine.swissinformatics.org\/wp-content\/uploads\/2017\/08\/16385-200.png\" alt=\"Anmeldiungsicon\" width=\"200\" height=\"200\" srcset=\"https:\/\/magazine.swissinformatics.org\/wp-content\/uploads\/2017\/08\/16385-200.png 200w, https:\/\/magazine.swissinformatics.org\/wp-content\/uploads\/2017\/08\/16385-200-150x150.png 150w\" sizes=\"(max-width: 200px) 100vw, 200px\" \/><\/a><figcaption id=\"caption-attachment-10600\" class=\"wp-caption-text\">Klicken Sie auf das Symbol, um sich zu registrieren<\/figcaption><\/figure>\n<p><strong>Das Programm:<br \/>\n<\/strong><em>15.30 \u2013 16.00 Willkommenskaffee<\/em><br \/>\n<em>16.00 \u2013 16.10 Reinhard Riedl (SI): The societal engagement of Swiss Informatics Society<\/em><br \/>\n<em>16.10 \u2013 16.45 Dirk Helbing (ETHZ): Die Rolle von Werten in der digitalen Transformation<\/em><br \/>\n<em>16.45 \u2013 17.20 Stephan Haller (BFH): Vernetzung von St\u00e4dten, Technologien und B\u00fcrgerInnen \u2013 das schweizerisch-europ\u00e4isch-japanische Projekt CPaaS.io<br \/>\n<\/em><\/p>\n<p><em>Ab 17.30 SI-GV (\u00f6ffentlich, aber durch Namensnennung um Stimmberichtigte zu identifizieren)<\/em><br \/>\n<em>18:30 Ap\u00e9ro riche<\/em><\/p>\n<p><em>20:00 Ende<\/em><\/p>\n<p>_____<\/p>\n<p><strong>Teilnehmende Sprecher<\/strong><\/p>\n<p>&nbsp;<\/p>\n<p><strong><img fetchpriority=\"high\" decoding=\"async\" class=\"alignnone size-full wp-image-7477\" src=\"https:\/\/events.swissinformatics.org\/wp-content\/uploads\/sites\/46\/2018\/11\/Portrait_Riedl_Vorstand_72-225x300.jpg\" alt=\"Reinhard Riedl\" width=\"225\" height=\"300\" \/><\/strong><\/p>\n<p><strong>Prof. Reinhard Riedl<\/strong><br \/>\nReinhard Riedl hat einen Master of Science in Engineering und einen Doktortitel in reiner Mathematik. Er hat in den Bereichen Informatik, Wirtschaftsinformatik und Rechtsinformatik geforscht und war an verschiedenen Forschungs- und Innovationsprojekten in verschiedenen Disziplinen und Bereichen wie Wirtschaft, Gesundheitswesen und Ethonographie beteiligt. Nach einem Besuch der Professuren an der Universit\u00e4t Rostock (&#8222;High Performance Computing&#8220;) und der Universit\u00e4t Z\u00fcrich (&#8222;Communication and Distributed Systems&#8220;) wurde er zum Forschungsprofessor f\u00fcr &#8222;E-Government&#8220; und Forschungsdirektor an der Business School der Universit\u00e4t Bern ernannt f\u00fcr angewandte Wissenschaften (BFH). Jetzt ist er dort Chief Science Officer und Leiter des transdisziplin\u00e4ren BFH-Zentrums f\u00fcr Digitale Gesellschaft. Seine aktuellen Forschungsschwerpunkte sind Design und Governance von Datenplattformen, Muster in der digitalen Transformation und digitale Geopolitik. Des Weiteren hat er den \u00abZurich Cynical Theatre Guide\u00bb ins Leben gerufen, jetzt ist er Herausgeber von www.societybyte.swiss, er ist Mitbegr\u00fcnder von www.all-acad.com und von www.egovernment-symposium.ch, dem er Mitglied ist Lenkungsgremien von www.ta-swiss.ch, www.nfp75.ch, www.praevenire.at und scoop4c.eu und er ist Pr\u00e4sident von www.ignm-bern.ch.<\/p>\n<p><strong><img decoding=\"async\" class=\"alignnone size-full wp-image-7478\" src=\"https:\/\/events.swissinformatics.org\/wp-content\/uploads\/sites\/46\/2018\/11\/Dirk_Helbing_portrait_by_Jannick_Timm_cropped.png\" alt=\"Dirk Helbing\" width=\"220\" height=\"287\" \/><\/strong><\/p>\n<p><strong>Prof. Dirk Helbing<br \/>\n<\/strong>Dirk Helbing ist ordentlicher Professor f\u00fcr Computational Social Science an der ETH Z\u00fcrich und angeschlossener Professor am Departement Computer Science der Fakult\u00e4t f\u00fcr Technik, Politik und Management an der TU Delft. Dort koordiniert er die Doktorandenschule &#8222;Engineering Social Technologies&#8220; f\u00fcr eine verantwortungsvolle digitale Zukunft . Er ist auch externe Fakult\u00e4t des Complexity Science Hub Vienna. Zuvor war er ordentlicher Professor f\u00fcr Soziologie an der ETH Z\u00fcrich und gesch\u00e4ftsf\u00fchrender Direktor des Instituts f\u00fcr Verkehr und Wirtschaft an der Technischen Universit\u00e4t Dresden. Helbing ist auch ein gew\u00e4hltes Mitglied der Deutschen Akademie der Wissenschaften &#8222;Leopoldina&#8220; und der Weltakademie der K\u00fcnste und Wissenschaften. 2014 erhielt er eine Ehrendoktorw\u00fcrde an der TU Delft. Er ist Mitglied des Schweizerischen Bundesausschusses f\u00fcr die Zukunft der Datenverarbeitung und Datensicherheit und in Gremien zur &#8222;Digital Society&#8220; und zu &#8222;Digitalisierung und Demokratie&#8220; der Wissenschaftsakademien.<strong><br \/>\n<\/strong><\/p>\n<p><strong> <img loading=\"lazy\" decoding=\"async\" class=\"alignnone size-full wp-image-7489\" src=\"https:\/\/events.swissinformatics.org\/wp-content\/uploads\/sites\/46\/2018\/11\/StefanHaller.jpg\" alt=\"Stefan Haller\" width=\"225\" height=\"300\" \/><\/strong><\/p>\n<p><strong>Prof. Stephan Haller<\/strong><br \/>\n\ufffcStephan Haller ist Professor am Institut Public Sector Transformation der Fachhochschule Bern (BFH), und unterrichtet zu den Themen E-Business, Unternehmensarchitektur sowie Projektmanagement. Seine Forschungsschwerpunkte liegen in den Bereichen Internet of Things (IoT), Open Data und Smart City. Stephan verf\u00fcgt \u00fcber mehr als 20 Jahre Erfahrung in der internationalen Forschung und Entwicklung in der Softwarebranche und arbeitete mehrere Jahre f\u00fcr SAP (1997-2012) und andere Unternehmen in der Schweiz, Japan und Deutschland. Seit 2004 hat er mehrere von der EU gef\u00f6rderte Forschungsprojekte in den Bereichen IoT und Future Internet akquiriert und geleitet. Ausserdem fungierte als Evaluator von Projektantr\u00e4gen sowie Gutachter von laufenden Forschungsprojekten im Auftrag der Europ\u00e4ischen Kommission unter FP7 und Horizon 2020.<\/p>\n<p>&nbsp;<\/p>\n<hr \/>\n<p><strong>Participating Institutes<\/strong><\/p>\n<p><em>Das Minisymposium \u00abDigitalisierung, Werte und internationale Zusammenarbeit\u00bb findet in\u00a0 Kooperation mit BFH-Zentrums Digital Society und dem Schweizer und Consulting Cluster Bern<br \/>\n<\/em><\/p>\n<div dir=\"auto\">[su_custom_gallery source=&#8220;media:11711,11703, 11707&#8243; limit=&#8220;3&#8243; link=&#8220;none&#8220; target=&#8220;self&#8220; width=300 height=200 title=&#8220;never&#8220; ]<\/div>\n<div dir=\"auto\"><\/div>\n<div dir=\"auto\"><\/div>\n<div dir=\"auto\"><\/div>\n","protected":false},"excerpt":{"rendered":"<p>Das Departement Wirtschaft der Berner Fachhochschule veranstaltet an der diesj\u00e4hrigen Generalversammlung der Schweizerischen Informatikgesellschaft eine Minikonferenz zum Thema Digitale Transformation. Dabei wird die digitale Transformation in sehr kompakter Form thematisiert. Zwei Key Note Speaker pr\u00e4sentieren die beiden Seiten der Medaille &#8211; den Wandel von Wirtschaft und Gesellschaft und den Fortschritt im IKT-Engineering. In Form einer [&hellip;]<\/p>\n","protected":false},"author":1837,"featured_media":10147,"comment_status":"open","ping_status":"closed","sticky":false,"template":"","format":"standard","meta":{"footnotes":""},"categories":[4892,396],"tags":[],"yoast_head":"<!-- This site is optimized with the Yoast SEO plugin v21.1 - https:\/\/yoast.com\/wordpress\/plugins\/seo\/ -->\n<title>Minisymposium: \u00abDigitalisierung, Werte und internationale Zusammenarbeit\u00bb - SI Digital Magazine<\/title>\n<meta name=\"robots\" content=\"index, follow, max-snippet:-1, max-image-preview:large, max-video-preview:-1\" \/>\n<link rel=\"canonical\" href=\"https:\/\/magazine.swissinformatics.org\/de\/gvms2019\/\" \/>\n<meta property=\"og:locale\" content=\"de_DE\" \/>\n<meta property=\"og:type\" content=\"article\" \/>\n<meta property=\"og:title\" content=\"Minisymposium: \u00abDigitalisierung, Werte und internationale Zusammenarbeit\u00bb - SI Digital Magazine\" \/>\n<meta property=\"og:description\" content=\"Das Departement Wirtschaft der Berner Fachhochschule veranstaltet an der diesj\u00e4hrigen Generalversammlung der Schweizerischen Informatikgesellschaft eine Minikonferenz zum Thema Digitale Transformation. Dabei wird die digitale Transformation in sehr kompakter Form thematisiert. Zwei Key Note Speaker pr\u00e4sentieren die beiden Seiten der Medaille &#8211; den Wandel von Wirtschaft und Gesellschaft und den Fortschritt im IKT-Engineering. In Form einer [&hellip;]\" \/>\n<meta property=\"og:url\" content=\"https:\/\/magazine.swissinformatics.org\/de\/gvms2019\/\" \/>\n<meta property=\"og:site_name\" content=\"SI Digital Magazine\" \/>\n<meta property=\"article:publisher\" content=\"https:\/\/www.facebook.com\/www.swissinformatics.org\/?fref=ts\" \/>\n<meta property=\"article:author\" content=\"https:\/\/www.facebook.com\/profile.php?id=100009663542147\" \/>\n<meta property=\"article:published_time\" content=\"2019-04-09T12:23:01+00:00\" \/>\n<meta property=\"article:modified_time\" content=\"2022-07-02T11:10:16+00:00\" \/>\n<meta property=\"og:image\" content=\"https:\/\/magazine.swissinformatics.org\/wp-content\/uploads\/2016\/10\/Editorial_Images.png\" \/>\n\t<meta property=\"og:image:width\" content=\"1363\" \/>\n\t<meta property=\"og:image:height\" content=\"1000\" \/>\n\t<meta property=\"og:image:type\" content=\"image\/png\" \/>\n<meta name=\"author\" content=\"sidm\" \/>\n<meta name=\"twitter:card\" content=\"summary_large_image\" \/>\n<meta name=\"twitter:creator\" content=\"@https:\/\/twitter.com\/SIGesellschaft\" \/>\n<meta name=\"twitter:site\" content=\"@SIGesellschaft\" \/>\n<meta name=\"twitter:label1\" content=\"Verfasst von\" \/>\n\t<meta name=\"twitter:data1\" content=\"sidm\" \/>\n\t<meta name=\"twitter:label2\" content=\"Gesch\u00e4tzte Lesezeit\" \/>\n\t<meta name=\"twitter:data2\" content=\"3 Minuten\" \/>\n<script type=\"application\/ld+json\" class=\"yoast-schema-graph\">{\"@context\":\"https:\/\/schema.org\",\"@graph\":[{\"@type\":\"Article\",\"@id\":\"https:\/\/magazine.swissinformatics.org\/de\/gvms2019\/#article\",\"isPartOf\":{\"@id\":\"https:\/\/magazine.swissinformatics.org\/de\/gvms2019\/\"},\"author\":{\"name\":\"sidm\",\"@id\":\"https:\/\/magazine.swissinformatics.org\/en\/#\/schema\/person\/e43114194f4d0b688f8f37f53695f5e8\"},\"headline\":\"Minisymposium: \u00abDigitalisierung, Werte und internationale Zusammenarbeit\u00bb\",\"datePublished\":\"2019-04-09T12:23:01+00:00\",\"dateModified\":\"2022-07-02T11:10:16+00:00\",\"mainEntityOfPage\":{\"@id\":\"https:\/\/magazine.swissinformatics.org\/de\/gvms2019\/\"},\"wordCount\":691,\"commentCount\":0,\"publisher\":{\"@id\":\"https:\/\/magazine.swissinformatics.org\/en\/#organization\"},\"articleSection\":[\"\u2022 Mitteilung \u2022\",\"Gesellschaft\"],\"inLanguage\":\"de-DE\",\"potentialAction\":[{\"@type\":\"CommentAction\",\"name\":\"Comment\",\"target\":[\"https:\/\/magazine.swissinformatics.org\/de\/gvms2019\/#respond\"]}]},{\"@type\":\"WebPage\",\"@id\":\"https:\/\/magazine.swissinformatics.org\/de\/gvms2019\/\",\"url\":\"https:\/\/magazine.swissinformatics.org\/de\/gvms2019\/\",\"name\":\"Minisymposium: \u00abDigitalisierung, Werte und internationale Zusammenarbeit\u00bb - SI Digital Magazine\",\"isPartOf\":{\"@id\":\"https:\/\/magazine.swissinformatics.org\/en\/#website\"},\"datePublished\":\"2019-04-09T12:23:01+00:00\",\"dateModified\":\"2022-07-02T11:10:16+00:00\",\"breadcrumb\":{\"@id\":\"https:\/\/magazine.swissinformatics.org\/de\/gvms2019\/#breadcrumb\"},\"inLanguage\":\"de-DE\",\"potentialAction\":[{\"@type\":\"ReadAction\",\"target\":[\"https:\/\/magazine.swissinformatics.org\/de\/gvms2019\/\"]}]},{\"@type\":\"BreadcrumbList\",\"@id\":\"https:\/\/magazine.swissinformatics.org\/de\/gvms2019\/#breadcrumb\",\"itemListElement\":[{\"@type\":\"ListItem\",\"position\":1,\"name\":\"Home\",\"item\":\"https:\/\/magazine.swissinformatics.org\/en\/\"},{\"@type\":\"ListItem\",\"position\":2,\"name\":\"Minisymposium: \u00abDigitalisierung, Werte und internationale Zusammenarbeit\u00bb\"}]},{\"@type\":\"WebSite\",\"@id\":\"https:\/\/magazine.swissinformatics.org\/en\/#website\",\"url\":\"https:\/\/magazine.swissinformatics.org\/en\/\",\"name\":\"SI Digital Magazine\",\"description\":\"News - Nachrichten - Nouvelles - Notizie\",\"publisher\":{\"@id\":\"https:\/\/magazine.swissinformatics.org\/en\/#organization\"},\"potentialAction\":[{\"@type\":\"SearchAction\",\"target\":{\"@type\":\"EntryPoint\",\"urlTemplate\":\"https:\/\/magazine.swissinformatics.org\/en\/?s={search_term_string}\"},\"query-input\":\"required name=search_term_string\"}],\"inLanguage\":\"de-DE\"},{\"@type\":\"Organization\",\"@id\":\"https:\/\/magazine.swissinformatics.org\/en\/#organization\",\"name\":\"Swiss Informatics Society\",\"url\":\"https:\/\/magazine.swissinformatics.org\/en\/\",\"logo\":{\"@type\":\"ImageObject\",\"inLanguage\":\"de-DE\",\"@id\":\"https:\/\/magazine.swissinformatics.org\/en\/#\/schema\/logo\/image\/\",\"url\":\"https:\/\/magazine.swissinformatics.org\/wp-content\/uploads\/2017\/11\/SI_KeyImage_4to3.jpg\",\"contentUrl\":\"https:\/\/magazine.swissinformatics.org\/wp-content\/uploads\/2017\/11\/SI_KeyImage_4to3.jpg\",\"width\":1441,\"height\":1081,\"caption\":\"Swiss Informatics Society\"},\"image\":{\"@id\":\"https:\/\/magazine.swissinformatics.org\/en\/#\/schema\/logo\/image\/\"},\"sameAs\":[\"https:\/\/www.facebook.com\/www.swissinformatics.org\/?fref=ts\",\"https:\/\/twitter.com\/SIGesellschaft\",\"https:\/\/www.youtube.com\/channel\/UCYUEr1Qkbri9GDTa84z415g\"]},{\"@type\":\"Person\",\"@id\":\"https:\/\/magazine.swissinformatics.org\/en\/#\/schema\/person\/e43114194f4d0b688f8f37f53695f5e8\",\"name\":\"sidm\",\"image\":{\"@type\":\"ImageObject\",\"inLanguage\":\"de-DE\",\"@id\":\"https:\/\/magazine.swissinformatics.org\/en\/#\/schema\/person\/image\/\",\"url\":\"https:\/\/secure.gravatar.com\/avatar\/0a71524529d6c0d258f9f6e8b3141f75?s=96&d=mm&r=g\",\"contentUrl\":\"https:\/\/secure.gravatar.com\/avatar\/0a71524529d6c0d258f9f6e8b3141f75?s=96&d=mm&r=g\",\"caption\":\"sidm\"},\"description\":\"The SI Digital Magazine (SIDM) is the electronic members\u2019 magazine of the Swiss Informatics Society SI.\",\"sameAs\":[\"https:\/\/magazine.swissinformatics.org\",\"https:\/\/www.facebook.com\/profile.php?id=100009663542147\",\"https:\/\/twitter.com\/https:\/\/twitter.com\/SIGesellschaft\",\"https:\/\/www.youtube.com\/channel\/UCYUEr1Qkbri9GDTa84z415g\"],\"url\":\"https:\/\/magazine.swissinformatics.org\/de\/author\/sidm\/\"}]}<\/script>\n<!-- \/ Yoast SEO plugin. -->","yoast_head_json":{"title":"Minisymposium: \u00abDigitalisierung, Werte und internationale Zusammenarbeit\u00bb - SI Digital Magazine","robots":{"index":"index","follow":"follow","max-snippet":"max-snippet:-1","max-image-preview":"max-image-preview:large","max-video-preview":"max-video-preview:-1"},"canonical":"https:\/\/magazine.swissinformatics.org\/de\/gvms2019\/","og_locale":"de_DE","og_type":"article","og_title":"Minisymposium: \u00abDigitalisierung, Werte und internationale Zusammenarbeit\u00bb - SI Digital Magazine","og_description":"Das Departement Wirtschaft der Berner Fachhochschule veranstaltet an der diesj\u00e4hrigen Generalversammlung der Schweizerischen Informatikgesellschaft eine Minikonferenz zum Thema Digitale Transformation. Dabei wird die digitale Transformation in sehr kompakter Form thematisiert. Zwei Key Note Speaker pr\u00e4sentieren die beiden Seiten der Medaille &#8211; den Wandel von Wirtschaft und Gesellschaft und den Fortschritt im IKT-Engineering. In Form einer [&hellip;]","og_url":"https:\/\/magazine.swissinformatics.org\/de\/gvms2019\/","og_site_name":"SI Digital Magazine","article_publisher":"https:\/\/www.facebook.com\/www.swissinformatics.org\/?fref=ts","article_author":"https:\/\/www.facebook.com\/profile.php?id=100009663542147","article_published_time":"2019-04-09T12:23:01+00:00","article_modified_time":"2022-07-02T11:10:16+00:00","og_image":[{"width":1363,"height":1000,"url":"https:\/\/magazine.swissinformatics.org\/wp-content\/uploads\/2016\/10\/Editorial_Images.png","type":"image\/png"}],"author":"sidm","twitter_card":"summary_large_image","twitter_creator":"@https:\/\/twitter.com\/SIGesellschaft","twitter_site":"@SIGesellschaft","twitter_misc":{"Verfasst von":"sidm","Gesch\u00e4tzte Lesezeit":"3 Minuten"},"schema":{"@context":"https:\/\/schema.org","@graph":[{"@type":"Article","@id":"https:\/\/magazine.swissinformatics.org\/de\/gvms2019\/#article","isPartOf":{"@id":"https:\/\/magazine.swissinformatics.org\/de\/gvms2019\/"},"author":{"name":"sidm","@id":"https:\/\/magazine.swissinformatics.org\/en\/#\/schema\/person\/e43114194f4d0b688f8f37f53695f5e8"},"headline":"Minisymposium: \u00abDigitalisierung, Werte und internationale Zusammenarbeit\u00bb","datePublished":"2019-04-09T12:23:01+00:00","dateModified":"2022-07-02T11:10:16+00:00","mainEntityOfPage":{"@id":"https:\/\/magazine.swissinformatics.org\/de\/gvms2019\/"},"wordCount":691,"commentCount":0,"publisher":{"@id":"https:\/\/magazine.swissinformatics.org\/en\/#organization"},"articleSection":["\u2022 Mitteilung \u2022","Gesellschaft"],"inLanguage":"de-DE","potentialAction":[{"@type":"CommentAction","name":"Comment","target":["https:\/\/magazine.swissinformatics.org\/de\/gvms2019\/#respond"]}]},{"@type":"WebPage","@id":"https:\/\/magazine.swissinformatics.org\/de\/gvms2019\/","url":"https:\/\/magazine.swissinformatics.org\/de\/gvms2019\/","name":"Minisymposium: \u00abDigitalisierung, Werte und internationale Zusammenarbeit\u00bb - SI Digital Magazine","isPartOf":{"@id":"https:\/\/magazine.swissinformatics.org\/en\/#website"},"datePublished":"2019-04-09T12:23:01+00:00","dateModified":"2022-07-02T11:10:16+00:00","breadcrumb":{"@id":"https:\/\/magazine.swissinformatics.org\/de\/gvms2019\/#breadcrumb"},"inLanguage":"de-DE","potentialAction":[{"@type":"ReadAction","target":["https:\/\/magazine.swissinformatics.org\/de\/gvms2019\/"]}]},{"@type":"BreadcrumbList","@id":"https:\/\/magazine.swissinformatics.org\/de\/gvms2019\/#breadcrumb","itemListElement":[{"@type":"ListItem","position":1,"name":"Home","item":"https:\/\/magazine.swissinformatics.org\/en\/"},{"@type":"ListItem","position":2,"name":"Minisymposium: \u00abDigitalisierung, Werte und internationale Zusammenarbeit\u00bb"}]},{"@type":"WebSite","@id":"https:\/\/magazine.swissinformatics.org\/en\/#website","url":"https:\/\/magazine.swissinformatics.org\/en\/","name":"SI Digital Magazine","description":"News - Nachrichten - Nouvelles - Notizie","publisher":{"@id":"https:\/\/magazine.swissinformatics.org\/en\/#organization"},"potentialAction":[{"@type":"SearchAction","target":{"@type":"EntryPoint","urlTemplate":"https:\/\/magazine.swissinformatics.org\/en\/?s={search_term_string}"},"query-input":"required name=search_term_string"}],"inLanguage":"de-DE"},{"@type":"Organization","@id":"https:\/\/magazine.swissinformatics.org\/en\/#organization","name":"Swiss Informatics Society","url":"https:\/\/magazine.swissinformatics.org\/en\/","logo":{"@type":"ImageObject","inLanguage":"de-DE","@id":"https:\/\/magazine.swissinformatics.org\/en\/#\/schema\/logo\/image\/","url":"https:\/\/magazine.swissinformatics.org\/wp-content\/uploads\/2017\/11\/SI_KeyImage_4to3.jpg","contentUrl":"https:\/\/magazine.swissinformatics.org\/wp-content\/uploads\/2017\/11\/SI_KeyImage_4to3.jpg","width":1441,"height":1081,"caption":"Swiss Informatics Society"},"image":{"@id":"https:\/\/magazine.swissinformatics.org\/en\/#\/schema\/logo\/image\/"},"sameAs":["https:\/\/www.facebook.com\/www.swissinformatics.org\/?fref=ts","https:\/\/twitter.com\/SIGesellschaft","https:\/\/www.youtube.com\/channel\/UCYUEr1Qkbri9GDTa84z415g"]},{"@type":"Person","@id":"https:\/\/magazine.swissinformatics.org\/en\/#\/schema\/person\/e43114194f4d0b688f8f37f53695f5e8","name":"sidm","image":{"@type":"ImageObject","inLanguage":"de-DE","@id":"https:\/\/magazine.swissinformatics.org\/en\/#\/schema\/person\/image\/","url":"https:\/\/secure.gravatar.com\/avatar\/0a71524529d6c0d258f9f6e8b3141f75?s=96&d=mm&r=g","contentUrl":"https:\/\/secure.gravatar.com\/avatar\/0a71524529d6c0d258f9f6e8b3141f75?s=96&d=mm&r=g","caption":"sidm"},"description":"The SI Digital Magazine (SIDM) is the electronic members\u2019 magazine of the Swiss Informatics Society SI.","sameAs":["https:\/\/magazine.swissinformatics.org","https:\/\/www.facebook.com\/profile.php?id=100009663542147","https:\/\/twitter.com\/https:\/\/twitter.com\/SIGesellschaft","https:\/\/www.youtube.com\/channel\/UCYUEr1Qkbri9GDTa84z415g"],"url":"https:\/\/magazine.swissinformatics.org\/de\/author\/sidm\/"}]}},"_links":{"self":[{"href":"https:\/\/magazine.swissinformatics.org\/de\/wp-json\/wp\/v2\/posts\/11698"}],"collection":[{"href":"https:\/\/magazine.swissinformatics.org\/de\/wp-json\/wp\/v2\/posts"}],"about":[{"href":"https:\/\/magazine.swissinformatics.org\/de\/wp-json\/wp\/v2\/types\/post"}],"author":[{"embeddable":true,"href":"https:\/\/magazine.swissinformatics.org\/de\/wp-json\/wp\/v2\/users\/1837"}],"replies":[{"embeddable":true,"href":"https:\/\/magazine.swissinformatics.org\/de\/wp-json\/wp\/v2\/comments?post=11698"}],"version-history":[{"count":0,"href":"https:\/\/magazine.swissinformatics.org\/de\/wp-json\/wp\/v2\/posts\/11698\/revisions"}],"wp:featuredmedia":[{"embeddable":true,"href":"https:\/\/magazine.swissinformatics.org\/de\/wp-json\/wp\/v2\/media\/10147"}],"wp:attachment":[{"href":"https:\/\/magazine.swissinformatics.org\/de\/wp-json\/wp\/v2\/media?parent=11698"}],"wp:term":[{"taxonomy":"category","embeddable":true,"href":"https:\/\/magazine.swissinformatics.org\/de\/wp-json\/wp\/v2\/categories?post=11698"},{"taxonomy":"post_tag","embeddable":true,"href":"https:\/\/magazine.swissinformatics.org\/de\/wp-json\/wp\/v2\/tags?post=11698"}],"curies":[{"name":"wp","href":"https:\/\/api.w.org\/{rel}","templated":true}]}}