{"id":15020,"date":"2021-12-06T17:10:08","date_gmt":"2021-12-06T16:10:08","guid":{"rendered":"https:\/\/magazine.swissinformatics.org\/?p=15020"},"modified":"2022-07-12T11:20:35","modified_gmt":"2022-07-12T09:20:35","slug":"a-stage-for-women-in-it","status":"publish","type":"post","link":"https:\/\/magazine.swissinformatics.org\/de\/a-stage-for-women-in-it\/","title":{"rendered":"Eine B\u00fchne f\u00fcr Frauen in der Informatik"},"content":{"rendered":"<p><img fetchpriority=\"high\" decoding=\"async\" class=\"alignnone wp-image-16894 size-mh-magazine-slider\" src=\"https:\/\/magazine.swissinformatics.org\/wp-content\/uploads\/2021\/12\/girlpower-4c-1030x438.png\" alt=\"A stage for women in IT\" width=\"1030\" height=\"438\" srcset=\"https:\/\/magazine.swissinformatics.org\/wp-content\/uploads\/2021\/12\/girlpower-4c-1030x438.png 1030w, https:\/\/magazine.swissinformatics.org\/wp-content\/uploads\/2021\/12\/girlpower-4c-400x170.png 400w, https:\/\/magazine.swissinformatics.org\/wp-content\/uploads\/2021\/12\/girlpower-4c-1600x681.png 1600w, https:\/\/magazine.swissinformatics.org\/wp-content\/uploads\/2021\/12\/girlpower-4c-160x68.png 160w, https:\/\/magazine.swissinformatics.org\/wp-content\/uploads\/2021\/12\/girlpower-4c-768x327.png 768w, https:\/\/magazine.swissinformatics.org\/wp-content\/uploads\/2021\/12\/girlpower-4c-1536x654.png 1536w, https:\/\/magazine.swissinformatics.org\/wp-content\/uploads\/2021\/12\/girlpower-4c-2048x872.png 2048w\" sizes=\"(max-width: 1030px) 100vw, 1030px\" \/><\/p>\n<p>&nbsp;<\/p>\n<p>Im Rahmen der Initiative <a href=\"https:\/\/www.it-feuer.ch\" target=\"_blank\" rel=\"noopener\">www.it-feuer.ch<\/a> ver\u00f6ffentlicht die <a href=\"https:\/\/magazine.swissinformatics.org\/de\/\">Schweizer Informatik Gesellschaft (SI)<\/a> von Juni bis Dezember 2021 Portr\u00e4ts von Frauen in der IT. Die SI hat sich auf die Suche nach weiblichen Vorbildern gemacht und viele Frauen gefunden, die ihren Weg in die IT gemacht haben, auch wenn die IT immer noch eine M\u00e4nnerwelt ist.<br \/>\nIm Jahr 2020 sind nur etwa 10 % aller IT-Lernenden und Informatikstudierenden Frauen. Die IT ist immer noch eine M\u00e4nnerdom\u00e4ne. Warum eigentlich? Nicht alle M\u00e4nner machen in der IT eine steile Karriere, haben viel Einfluss und hohe Geh\u00e4lter. Aber heute sind fast alle mittleren und oberen F\u00fchrungspositionen in IT-Unternehmen von M\u00e4nnern besetzt und die meisten Informatik-Professorenstellen sind mit M\u00e4nnern besetzt. Die SI m\u00f6chte zu einer Ver\u00e4nderung beitragen und sucht Frauen, die in der IT arbeiten, die ihren Beruf lieben und junge Frauen zum Einstieg in die IT ermutigen m\u00f6chten. Vielen jungen Frauen fehlt es an guten Vorbildern, aber es gibt sie. Hunderte von Frauen haben seit Mitte der 80er Jahre in der Schweiz ein Informatikstudium oder eine Lehre absolviert und arbeiten heute in der Industrie oder im akademischen Bereich &#8211; als Softwareentwicklerinnen, Wissenschaftlerinnen, Informatikerinnen, Beraterinnen, Projektleiterinnen, Gruppenleiterinnen, CTOs, CEOs, etc. SI gibt diesen Frauen eine B\u00fchne und macht ihre Geschichten sichtbar.<\/p>\n<p>Wir ver\u00f6ffentlichen die Portr\u00e4ts in mehreren Schritten. Zum Auftakt haben wir am 11. Juni 2021 elf Portr\u00e4ts publiziert. Am 20. August und am 4. Oktober sind je neun neue Portr\u00e4ts hinzugekommen. Am 6. Dezember haben wir die Interviewreihe mit der Publikation von acht weiteren Interviews abgeschlossen. Viel Spass beim Lesen!<\/p>\n<p>Die Zitate sind Botschaften an ca. 15-j\u00e4hrige M\u00e4dchen, die \u00fcber ihre weitere Ausbildung und ihren zuk\u00fcnftigen Beruf nachdenken.<\/p>\n<p>&nbsp;<\/p>\n<table>\n<tbody>\n<tr>\n<td style=\"background-color: #ffbdac;\" colspan=\"2\" valign=\"top\">\n<h2>Portr\u00e4ts ver\u00f6ffentlicht am 6. Dezember 2021<\/h2>\n<\/td>\n<td><\/td>\n<\/tr>\n<tr>\n<td valign=\"top\" width=\"160\"><span style=\"color: #e3e3e3;\">.<img decoding=\"async\" class=\"alignnone size-medium wp-image-16731\" src=\"https:\/\/magazine.swissinformatics.org\/wp-content\/uploads\/2021\/12\/CorinaWinkler-300x300.png\" alt=\"Corina Winkler\" width=\"300\" height=\"300\" srcset=\"https:\/\/magazine.swissinformatics.org\/wp-content\/uploads\/2021\/12\/CorinaWinkler-300x300.png 300w, https:\/\/magazine.swissinformatics.org\/wp-content\/uploads\/2021\/12\/CorinaWinkler-80x80.png 80w, https:\/\/magazine.swissinformatics.org\/wp-content\/uploads\/2021\/12\/CorinaWinkler.png 635w\" sizes=\"(max-width: 300px) 100vw, 300px\" \/><\/span><\/td>\n<td valign=\"top\">&nbsp;<\/p>\n<h3>Corina Winkler<\/h3>\n<h4>Verantwortliche IT &amp; Digitalisierung, cedac AG<\/h4>\n<p><em>\u201eIT ist ein lebenslanges Tummelfeld f\u00fcr engagierte &amp; kreative K\u00f6pfe. Das Sch\u00f6ne an IT ist, dass man sich kontinuierlich weiterentwickeln und Neues entdecken kann und man als Schnittstelle zu den Fachbereichen am Puls des Geschehens ist.\u201c<\/em><\/p>\n<p><a href=\"https:\/\/magazine.swissinformatics.org\/it-feuer-corina-winkler\/\"><strong>Interview<\/strong> (Deutsch)<\/a><\/td>\n<\/tr>\n<tr>\n<td valign=\"top\" width=\"160\"><span style=\"color: #e3e3e3;\">.<img decoding=\"async\" class=\"alignnone size-medium wp-image-16755\" src=\"https:\/\/magazine.swissinformatics.org\/wp-content\/uploads\/2021\/12\/NevenaLazarevic-300x300.png\" alt=\"Nevana Lazarevic\" width=\"300\" height=\"300\" srcset=\"https:\/\/magazine.swissinformatics.org\/wp-content\/uploads\/2021\/12\/NevenaLazarevic-300x300.png 300w, https:\/\/magazine.swissinformatics.org\/wp-content\/uploads\/2021\/12\/NevenaLazarevic-1200x1200.png 1200w, https:\/\/magazine.swissinformatics.org\/wp-content\/uploads\/2021\/12\/NevenaLazarevic-80x80.png 80w, https:\/\/magazine.swissinformatics.org\/wp-content\/uploads\/2021\/12\/NevenaLazarevic-768x768.png 768w, https:\/\/magazine.swissinformatics.org\/wp-content\/uploads\/2021\/12\/NevenaLazarevic.png 1440w\" sizes=\"(max-width: 300px) 100vw, 300px\" \/><\/span><\/td>\n<td valign=\"top\">&nbsp;<\/p>\n<h3>Nevena Lazarevic<\/h3>\n<h4>Datenwissenschaftlerin<\/h4>\n<p><em>\u201eAudaces fortuna iuvat \u00a0\u2014 Den Mutigen hilft das Gl\u00fcck.\u201c<\/em><\/p>\n<p><a href=\"https:\/\/magazine.swissinformatics.org\/it-fire-nevena-lazarevic\/\"><strong>Interview<\/strong> (Englisch)<\/a><\/td>\n<\/tr>\n<tr>\n<td valign=\"top\" width=\"160\"><span style=\"color: #e3e3e3;\">.<img loading=\"lazy\" decoding=\"async\" class=\"alignnone size-medium wp-image-16735\" src=\"https:\/\/magazine.swissinformatics.org\/wp-content\/uploads\/2021\/12\/DoerteUlrich-300x300.png\" alt=\"D\u00f6rte Ulrich\" width=\"300\" height=\"300\" srcset=\"https:\/\/magazine.swissinformatics.org\/wp-content\/uploads\/2021\/12\/DoerteUlrich-300x300.png 300w, https:\/\/magazine.swissinformatics.org\/wp-content\/uploads\/2021\/12\/DoerteUlrich-80x80.png 80w, https:\/\/magazine.swissinformatics.org\/wp-content\/uploads\/2021\/12\/DoerteUlrich.png 531w\" sizes=\"(max-width: 300px) 100vw, 300px\" \/><\/span><\/td>\n<td valign=\"top\">&nbsp;<\/p>\n<h3>D\u00f6rte Ulrich<\/h3>\n<h4>Scrum Master<\/h4>\n<p><em>\u201eArbeiten in der IT ist vielf\u00e4ltig, kreativ und spannend \u2014 und sicher nicht nur eine M\u00e4nnerdom\u00e4ne.\u201c<\/em><\/p>\n<p><a href=\"https:\/\/magazine.swissinformatics.org\/it-feuer-doerte-ulrich\/\"><strong>Interview<\/strong> (Deutsch)<\/a><\/td>\n<\/tr>\n<tr>\n<td valign=\"top\" width=\"160\"><span style=\"color: #e3e3e3;\">.<img loading=\"lazy\" decoding=\"async\" class=\"alignnone size-medium wp-image-16739\" src=\"https:\/\/magazine.swissinformatics.org\/wp-content\/uploads\/2021\/12\/JolandaKaufmann-300x300.png\" alt=\"Jolanda Kaufmann\" width=\"300\" height=\"300\" srcset=\"https:\/\/magazine.swissinformatics.org\/wp-content\/uploads\/2021\/12\/JolandaKaufmann-300x300.png 300w, https:\/\/magazine.swissinformatics.org\/wp-content\/uploads\/2021\/12\/JolandaKaufmann-80x80.png 80w, https:\/\/magazine.swissinformatics.org\/wp-content\/uploads\/2021\/12\/JolandaKaufmann-768x768.png 768w, https:\/\/magazine.swissinformatics.org\/wp-content\/uploads\/2021\/12\/JolandaKaufmann.png 925w\" sizes=\"(max-width: 300px) 100vw, 300px\" \/><\/span><\/td>\n<td valign=\"top\">&nbsp;<\/p>\n<h3>Jolanda Kaufmann<\/h3>\n<div><b><span lang=\"DE\">Produktmanagerin SAP-Themen<\/span><\/b><\/div>\n<p><em>\u201eDie Informatik ist immer in Bewegung, laufend neue Herausforderungen \u2013 es bleibt spannend und ist herausfordernd \u2013 und viele attraktive Themen warten auf Dich!\u201c<\/em><\/p>\n<p><a href=\"https:\/\/magazine.swissinformatics.org\/it-feuer-jolanda-kaufmann\/\"><strong>Interview<\/strong> (Deutsch)<\/a><\/td>\n<\/tr>\n<tr>\n<td valign=\"top\" width=\"160\"><span style=\"color: #e3e3e3;\">.<img loading=\"lazy\" decoding=\"async\" class=\"alignnone size-medium wp-image-16743\" src=\"https:\/\/magazine.swissinformatics.org\/wp-content\/uploads\/2021\/12\/PallaviKanchna_VinayGopal-300x300.png\" alt=\"Pallavi Kanchna Vinay Gopal\" width=\"300\" height=\"300\" srcset=\"https:\/\/magazine.swissinformatics.org\/wp-content\/uploads\/2021\/12\/PallaviKanchna_VinayGopal-300x300.png 300w, https:\/\/magazine.swissinformatics.org\/wp-content\/uploads\/2021\/12\/PallaviKanchna_VinayGopal-80x80.png 80w, https:\/\/magazine.swissinformatics.org\/wp-content\/uploads\/2021\/12\/PallaviKanchna_VinayGopal-768x768.png 768w, https:\/\/magazine.swissinformatics.org\/wp-content\/uploads\/2021\/12\/PallaviKanchna_VinayGopal.png 917w\" sizes=\"(max-width: 300px) 100vw, 300px\" \/><\/span><\/td>\n<td valign=\"top\">&nbsp;<\/p>\n<h3>Pallavi Kanchana Vinay Gopal<\/h3>\n<h4>ICT Architektin<\/h4>\n<p><em>\u201eBleib nie in deiner Komfortzone sitzen und verschliess dich nicht vor Herausforderungen, bloss weil du denkst, du seist nicht gut genug. Stattdessen, in jeder Lebensphase, versuche es, scheitere und lerne. Irgendwann wirst du dann automatisch lernen und Erfolg haben. Und, was am wichtigsten ist, wiederhole diesen Zyklus immer wieder.\u201c<\/em><\/p>\n<p><a href=\"https:\/\/magazine.swissinformatics.org\/it-fire-pallavi-kanchana-vinay-gopal\/\"><strong>Interview<\/strong> (Englisch)<\/a><\/td>\n<\/tr>\n<tr>\n<td valign=\"top\" width=\"160\"><span style=\"color: #e3e3e3;\">.<img loading=\"lazy\" decoding=\"async\" class=\"alignnone size-medium wp-image-16747\" src=\"https:\/\/magazine.swissinformatics.org\/wp-content\/uploads\/2021\/12\/LisaGaedke-300x300.png\" alt=\"Lisa Gaedke Merzh\u00e4user\" width=\"300\" height=\"300\" srcset=\"https:\/\/magazine.swissinformatics.org\/wp-content\/uploads\/2021\/12\/LisaGaedke-300x300.png 300w, https:\/\/magazine.swissinformatics.org\/wp-content\/uploads\/2021\/12\/LisaGaedke-1200x1200.png 1200w, https:\/\/magazine.swissinformatics.org\/wp-content\/uploads\/2021\/12\/LisaGaedke-80x80.png 80w, https:\/\/magazine.swissinformatics.org\/wp-content\/uploads\/2021\/12\/LisaGaedke-768x768.png 768w, https:\/\/magazine.swissinformatics.org\/wp-content\/uploads\/2021\/12\/LisaGaedke-1536x1536.png 1536w, https:\/\/magazine.swissinformatics.org\/wp-content\/uploads\/2021\/12\/LisaGaedke.png 1740w\" sizes=\"(max-width: 300px) 100vw, 300px\" \/><\/span><\/td>\n<td valign=\"top\">&nbsp;<\/p>\n<h3>Lisa Gaedke-Merzh\u00e4user<\/h3>\n<h4>Doktorandin an der\u00a0Universit\u00e0 della Svizzera Italiana<\/h4>\n<p><em>\u201eIch glaube, dass eine Gesellschaft nur wirklich gleichberechtigt sein kann, wenn sie\u00a0gleichermassen von allen mitgestaltet wird.\u201c<\/em><\/p>\n<p><a href=\"https:\/\/magazine.swissinformatics.org\/it-feuer-lisa-gaedke-merzhauser\"><strong>Interview<\/strong> (Deutsch)<\/a><\/td>\n<\/tr>\n<tr>\n<td valign=\"top\" width=\"160\"><span style=\"color: #e3e3e3;\">.<img loading=\"lazy\" decoding=\"async\" class=\"alignnone size-medium wp-image-16759\" src=\"https:\/\/magazine.swissinformatics.org\/wp-content\/uploads\/2021\/12\/SofijaHotomski-300x300.png\" alt=\"Sofija Hotomski\" width=\"300\" height=\"300\" srcset=\"https:\/\/magazine.swissinformatics.org\/wp-content\/uploads\/2021\/12\/SofijaHotomski-300x300.png 300w, https:\/\/magazine.swissinformatics.org\/wp-content\/uploads\/2021\/12\/SofijaHotomski-1200x1200.png 1200w, https:\/\/magazine.swissinformatics.org\/wp-content\/uploads\/2021\/12\/SofijaHotomski-80x80.png 80w, https:\/\/magazine.swissinformatics.org\/wp-content\/uploads\/2021\/12\/SofijaHotomski-768x768.png 768w, https:\/\/magazine.swissinformatics.org\/wp-content\/uploads\/2021\/12\/SofijaHotomski.png 1359w\" sizes=\"(max-width: 300px) 100vw, 300px\" \/><\/span><\/td>\n<td valign=\"top\">&nbsp;<\/p>\n<h3>Sofija Hotomski<\/h3>\n<h4>Senior Requirements Engineer<\/h4>\n<p><em>\u201eGeh als Frau nicht bloss in die IT, um die schiefe Statistik aufzubessern. Und es ist auch nichts falsch mit dir, wenn Informatik dich nicht begeistert. Aber wenn du interessiert bist, etwas \u00fcber IT zu lernen und eines Tages in der IT-Branche zu arbeiten, dann solltest du wissen, dass es keinen einzigen Grund gibt, es nicht zu tun.\u201c<\/em><\/p>\n<p><a href=\"https:\/\/magazine.swissinformatics.org\/it-fire-sofija-hotomski\/\"><strong>Interview<\/strong> (Englisch)<\/a><\/td>\n<\/tr>\n<tr>\n<td valign=\"top\" width=\"160\"><span style=\"color: #e3e3e3;\">.<img loading=\"lazy\" decoding=\"async\" class=\"alignnone size-medium wp-image-16777\" src=\"https:\/\/magazine.swissinformatics.org\/wp-content\/uploads\/2021\/12\/MarianneGutknecht-1-300x300.png\" alt=\"Marianne Gutknecht\" width=\"300\" height=\"300\" srcset=\"https:\/\/magazine.swissinformatics.org\/wp-content\/uploads\/2021\/12\/MarianneGutknecht-1-300x300.png 300w, https:\/\/magazine.swissinformatics.org\/wp-content\/uploads\/2021\/12\/MarianneGutknecht-1-80x80.png 80w, https:\/\/magazine.swissinformatics.org\/wp-content\/uploads\/2021\/12\/MarianneGutknecht-1.png 446w\" sizes=\"(max-width: 300px) 100vw, 300px\" \/><\/span><\/td>\n<td valign=\"top\">&nbsp;<\/p>\n<h3>Marianne Gutknecht<\/h3>\n<h4>Senior Business Engineer und Leiterin SVV Auswertestelle Bedag<\/h4>\n<p><em>&#8222;Leben ist bewegt, bewegend, bereichernd, Wirklichkeit und Faszination zugleich!<br \/>\nMan kann meist viel mehr tun, als man sich zutraut!&#8220;<\/em><\/p>\n<p><a href=\"https:\/\/magazine.swissinformatics.org\/si-feuer-marianne-gutknecht\/\"><strong>Interview<\/strong> (Deutsch)<\/a><\/td>\n<\/tr>\n<tr>\n<td colspan=\"2\" valign=\"top\">\n<h2><\/h2>\n<\/td>\n<td><\/td>\n<\/tr>\n<tr>\n<td style=\"background-color: #bdd7ff;\" colspan=\"2\" valign=\"top\">\n<h2>Portr\u00e4ts ver\u00f6ffentlicht am 4. Oktober 2021<\/h2>\n<\/td>\n<td><\/td>\n<\/tr>\n<tr>\n<td valign=\"top\" width=\"160\"><span style=\"color: #e3e3e3;\">.<img loading=\"lazy\" decoding=\"async\" class=\"alignnone size-full wp-image-16245\" src=\"https:\/\/magazine.swissinformatics.org\/wp-content\/uploads\/2021\/10\/MartinaAmacker.png\" alt=\"Martina Amacker\" width=\"150\" height=\"150\" \/><\/span><\/td>\n<td valign=\"top\">\n<h3>Martina Amacker<\/h3>\n<h4>Data Warehouse Engineer<\/h4>\n<p><em>\u201eIn der IT verbergen sich viele Aspekte: Sozialkompetenz, P\u00e4dagogik, sprachliches Talent, Kreativit\u00e4t, Technik, Mathematik, etc. Wer gern etwas Neues lernt und wissbegierig ist, f\u00fchlt sich hier wohl.\u201c<\/em><\/p>\n<p><a href=\"https:\/\/magazine.swissinformatics.org\/it-feuer-martina-amacker\/\"><strong>Interview<\/strong> (Deutsch)<\/a><\/td>\n<\/tr>\n<tr>\n<td valign=\"top\" width=\"160\"><span style=\"color: #e3e3e3;\">.<img loading=\"lazy\" decoding=\"async\" class=\"alignnone size-medium wp-image-16261\" src=\"https:\/\/magazine.swissinformatics.org\/wp-content\/uploads\/2021\/10\/NataliiaStulova-300x300.png\" alt=\"Nataliia Stulova\" width=\"300\" height=\"300\" srcset=\"https:\/\/magazine.swissinformatics.org\/wp-content\/uploads\/2021\/10\/NataliiaStulova-300x300.png 300w, https:\/\/magazine.swissinformatics.org\/wp-content\/uploads\/2021\/10\/NataliiaStulova-150x150.png 150w, https:\/\/magazine.swissinformatics.org\/wp-content\/uploads\/2021\/10\/NataliiaStulova.png 500w\" sizes=\"(max-width: 300px) 100vw, 300px\" \/><\/span><\/td>\n<td valign=\"top\">\n<h3>Nataliia Stulova<\/h3>\n<h4>Postdoc Forscherin an der Universit\u00e4t Bern<\/h4>\n<p><em>\u201eDie Frage, die du dir stellen solltest, ist nicht ob du es kannst; die Frage ist wie du es machst.\u201c<\/em><\/p>\n<p><a href=\"https:\/\/magazine.swissinformatics.org\/it-fire-nataliia-stulova\/\"><strong>Interview<\/strong> (Englisch)<\/a><\/td>\n<\/tr>\n<tr>\n<td valign=\"top\" width=\"160\"><span style=\"color: #e3e3e3;\">.<img loading=\"lazy\" decoding=\"async\" class=\"alignnone size-medium wp-image-16241\" src=\"https:\/\/magazine.swissinformatics.org\/wp-content\/uploads\/2021\/10\/AnnettLaube-300x300.png\" alt=\"Annett Laube\" width=\"300\" height=\"300\" srcset=\"https:\/\/magazine.swissinformatics.org\/wp-content\/uploads\/2021\/10\/AnnettLaube-300x300.png 300w, https:\/\/magazine.swissinformatics.org\/wp-content\/uploads\/2021\/10\/AnnettLaube-150x150.png 150w, https:\/\/magazine.swissinformatics.org\/wp-content\/uploads\/2021\/10\/AnnettLaube.png 500w\" sizes=\"(max-width: 300px) 100vw, 300px\" \/><\/span><\/td>\n<td valign=\"top\">\n<h3>Annett Laube-Rosenpflanzer<\/h3>\n<h4>Professorin &amp; Leiterin des \u201cInstitute for Data Applications and Security\u201d der BFH<\/h4>\n<p><em>\u201e\u00dcberlasst die Technik nicht den Jungs!\u201c<\/em><\/p>\n<p><a href=\"https:\/\/magazine.swissinformatics.org\/it-feuer-annett-laube-rosenpflanzer\/\"><strong>Interview<\/strong> (Deutsch)<\/a><\/td>\n<\/tr>\n<tr>\n<td valign=\"top\" width=\"160\"><span style=\"color: #e3e3e3;\">.<img loading=\"lazy\" decoding=\"async\" class=\"alignnone size-medium wp-image-16249\" src=\"https:\/\/magazine.swissinformatics.org\/wp-content\/uploads\/2021\/10\/MelodiePellet-300x300.png\" alt=\"M\u00e9lodie Pellet\" width=\"300\" height=\"300\" srcset=\"https:\/\/magazine.swissinformatics.org\/wp-content\/uploads\/2021\/10\/MelodiePellet.png 300w, https:\/\/magazine.swissinformatics.org\/wp-content\/uploads\/2021\/10\/MelodiePellet-150x150.png 150w\" sizes=\"(max-width: 300px) 100vw, 300px\" \/><\/span><\/td>\n<td valign=\"top\">\n<h3>M\u00e9lodie Pellet<\/h3>\n<h4>Anwendungsentwicklerin<\/h4>\n<p><em>\u201eDu brauchst keine Vorkenntnisse um eine Ausbildung in Informatik zu beginnen.\u201c<\/em><\/p>\n<p><a href=\"https:\/\/magazine.swissinformatics.org\/it-tout-feu-tout-flamme-melodie-pellet\/\"><strong>Interview<\/strong> (Franz\u00f6sisch)<\/a><\/td>\n<\/tr>\n<tr>\n<td valign=\"top\" width=\"160\"><span style=\"color: #e3e3e3;\">.<img loading=\"lazy\" decoding=\"async\" class=\"alignnone size-medium wp-image-16269\" src=\"https:\/\/magazine.swissinformatics.org\/wp-content\/uploads\/2021\/10\/SusanneWenger-300x300.png\" alt=\"Susanne Wenger\" width=\"300\" height=\"300\" srcset=\"https:\/\/magazine.swissinformatics.org\/wp-content\/uploads\/2021\/10\/SusanneWenger-300x300.png 300w, https:\/\/magazine.swissinformatics.org\/wp-content\/uploads\/2021\/10\/SusanneWenger-150x150.png 150w, https:\/\/magazine.swissinformatics.org\/wp-content\/uploads\/2021\/10\/SusanneWenger.png 500w\" sizes=\"(max-width: 300px) 100vw, 300px\" \/><\/span><\/td>\n<td valign=\"top\">\n<h3>Susanne Wenger<\/h3>\n<h4>IT Consultant bei CSI Consulting AG<\/h4>\n<p><em>\u201eSei unvoreingenommen und neugierig.\u201c<\/em><\/p>\n<p><a href=\"https:\/\/magazine.swissinformatics.org\/it-feuer-susanne-wenger\/\"><strong>Interview<\/strong> (Deutsch)<\/a><\/td>\n<\/tr>\n<tr>\n<td valign=\"top\" width=\"160\"><span style=\"color: #e3e3e3;\">.<img loading=\"lazy\" decoding=\"async\" class=\"alignnone size-medium wp-image-16237\" src=\"https:\/\/magazine.swissinformatics.org\/wp-content\/uploads\/2021\/10\/AngelikaBieriBuerki-300x300.png\" alt=\"Angelika Bieri B\u00fcrki\" width=\"300\" height=\"300\" srcset=\"https:\/\/magazine.swissinformatics.org\/wp-content\/uploads\/2021\/10\/AngelikaBieriBuerki-300x300.png 300w, https:\/\/magazine.swissinformatics.org\/wp-content\/uploads\/2021\/10\/AngelikaBieriBuerki-150x150.png 150w, https:\/\/magazine.swissinformatics.org\/wp-content\/uploads\/2021\/10\/AngelikaBieriBuerki.png 360w\" sizes=\"(max-width: 300px) 100vw, 300px\" \/><\/span><\/td>\n<td valign=\"top\">\n<h3>Angelika Bieri B\u00fcrki<\/h3>\n<h4>Product Owner Change- and Releasemanagement<\/h4>\n<p><em>\u201eInformatik ist nicht nur f\u00fcr Nerds, sondern bietet eine breite Palette spannender T\u00e4tigkeiten.\u201c<\/em><\/p>\n<p><a href=\"https:\/\/magazine.swissinformatics.org\/angelika-bieri-buerki\/\"><strong>Interview<\/strong> (Deutsch)<\/a><\/td>\n<\/tr>\n<tr>\n<td valign=\"top\" width=\"160\"><span style=\"color: #e3e3e3;\"><span style=\"color: #e3e3e3;\">.<img loading=\"lazy\" decoding=\"async\" class=\"size-medium wp-image-16257\" src=\"https:\/\/magazine.swissinformatics.org\/wp-content\/uploads\/2021\/10\/NadineJaun-300x300.png\" alt=\"Nadine Jaun\" width=\"300\" height=\"300\" srcset=\"https:\/\/magazine.swissinformatics.org\/wp-content\/uploads\/2021\/10\/NadineJaun-300x300.png 300w, https:\/\/magazine.swissinformatics.org\/wp-content\/uploads\/2021\/10\/NadineJaun-150x150.png 150w, https:\/\/magazine.swissinformatics.org\/wp-content\/uploads\/2021\/10\/NadineJaun.png 354w\" sizes=\"(max-width: 300px) 100vw, 300px\" \/><\/span><\/span><\/td>\n<td valign=\"top\">\n<h3>Nadine Jaun<\/h3>\n<h4>Senior Project Managerin<\/h4>\n<p><em>\u00a0<\/em><\/p>\n<p><a href=\"https:\/\/magazine.swissinformatics.org\/nadine-jaun\/\"><strong>Interview<\/strong> (Deutsch)<\/a><\/td>\n<\/tr>\n<tr>\n<td valign=\"top\" width=\"160\"><span style=\"color: #e3e3e3;\">.<img loading=\"lazy\" decoding=\"async\" class=\"alignnone size-medium wp-image-16273\" src=\"https:\/\/magazine.swissinformatics.org\/wp-content\/uploads\/2021\/10\/PriskaAltorfer-262x300.png\" alt=\"Priska Altorfer\" width=\"262\" height=\"300\" srcset=\"https:\/\/magazine.swissinformatics.org\/wp-content\/uploads\/2021\/10\/PriskaAltorfer-262x300.png 262w, https:\/\/magazine.swissinformatics.org\/wp-content\/uploads\/2021\/10\/PriskaAltorfer.png 436w\" sizes=\"(max-width: 262px) 100vw, 262px\" \/><\/span><\/td>\n<td valign=\"top\">\n<h3>Priska Altorfer<\/h3>\n<h4>Gesch\u00e4ftsf\u00fchrerin und Unternehmerin<\/h4>\n<p><em>\u00a0<\/em><\/p>\n<p><a href=\"https:\/\/magazine.swissinformatics.org\/it-feuer-priska-altorfer\/\"><strong>Interview<\/strong> (Deutsch)<\/a><\/td>\n<\/tr>\n<tr>\n<td valign=\"top\" width=\"160\"><span style=\"color: #e3e3e3;\">.<img loading=\"lazy\" decoding=\"async\" class=\"alignnone size-medium wp-image-16253\" src=\"https:\/\/magazine.swissinformatics.org\/wp-content\/uploads\/2021\/10\/MonikaStengl-300x300.png\" alt=\"Monika Stengl\" width=\"300\" height=\"300\" srcset=\"https:\/\/magazine.swissinformatics.org\/wp-content\/uploads\/2021\/10\/MonikaStengl-300x300.png 300w, https:\/\/magazine.swissinformatics.org\/wp-content\/uploads\/2021\/10\/MonikaStengl-150x150.png 150w, https:\/\/magazine.swissinformatics.org\/wp-content\/uploads\/2021\/10\/MonikaStengl.png 500w\" sizes=\"(max-width: 300px) 100vw, 300px\" \/><\/span><\/td>\n<td valign=\"top\">\n<h3>Monika Stengl<\/h3>\n<h4>Expert Data, Analytics &amp; AI Engineer<\/h4>\n<p><em>\u201eWenn du neugierig bist, probier&#8217;s und lass dich \u00fcberraschen, denn IT ist so viel mehr als Programmieren, und es macht richtig Spass. Es ist wichtig, dass wir Frauen die IT mitpr\u00e4gen.\u201c<\/em><\/p>\n<p><a href=\"https:\/\/magazine.swissinformatics.org\/it-feuer-monika-stengl\/\"><strong>Interview<\/strong> (Deutsch)<\/a><\/td>\n<\/tr>\n<tr>\n<td colspan=\"2\" valign=\"top\">\n<h3><span style=\"color: #e3e3e3;\">.<\/span><\/h3>\n<\/td>\n<td><\/td>\n<\/tr>\n<tr>\n<td style=\"background-color: #deffc6;\" colspan=\"2\" valign=\"top\">\n<h2>Portr\u00e4ts ver\u00f6ffentlicht am 20. August 2021<\/h2>\n<\/td>\n<td><\/td>\n<\/tr>\n<tr>\n<td valign=\"top\" width=\"160\"><span style=\"color: #e3e3e3;\">.<img loading=\"lazy\" decoding=\"async\" class=\"alignnone size-medium wp-image-15744\" src=\"https:\/\/magazine.swissinformatics.org\/wp-content\/uploads\/2021\/07\/AndreaEgli-300x300.png\" alt=\"Andrea Egli\" width=\"300\" height=\"300\" srcset=\"https:\/\/magazine.swissinformatics.org\/wp-content\/uploads\/2021\/07\/AndreaEgli-300x300.png 300w, https:\/\/magazine.swissinformatics.org\/wp-content\/uploads\/2021\/07\/AndreaEgli-150x150.png 150w, https:\/\/magazine.swissinformatics.org\/wp-content\/uploads\/2021\/07\/AndreaEgli.png 500w\" sizes=\"(max-width: 300px) 100vw, 300px\" \/><\/span><\/td>\n<td valign=\"top\">&nbsp;<\/p>\n<h3>Andrea Egli<\/h3>\n<h4>Testmanagerin<\/h4>\n<p><em>\u201eEgal welchen Weg ihr w\u00e4hlt, mit gen\u00fcgend Neugier und Ausdauer k\u00f6nnt ihr alles werden, was ihr wollt.\u201c<\/em><\/p>\n<p><a href=\"https:\/\/magazine.swissinformatics.org\/it-feuer-andrea-egli\/\"><strong>Interview<\/strong> (Deutsch)<\/a><\/td>\n<\/tr>\n<tr>\n<td valign=\"top\" width=\"160\"><span style=\"color: #e3e3e3;\">.<img loading=\"lazy\" decoding=\"async\" class=\"alignnone size-full wp-image-15776\" src=\"https:\/\/magazine.swissinformatics.org\/wp-content\/uploads\/2021\/07\/SomalaImhof.png\" alt=\"Somala Imhof\" width=\"250\" height=\"250\" srcset=\"https:\/\/magazine.swissinformatics.org\/wp-content\/uploads\/2021\/07\/SomalaImhof.png 250w, https:\/\/magazine.swissinformatics.org\/wp-content\/uploads\/2021\/07\/SomalaImhof-150x150.png 150w\" sizes=\"(max-width: 250px) 100vw, 250px\" \/><\/span><\/td>\n<td valign=\"top\">&nbsp;<\/p>\n<h3>Somala Imhof<\/h3>\n<h4>Professional Identity Access Management (IAM) Engineer<\/h4>\n<p><em>\u201eWelchen Beruf ihr euch aussucht, lasst euch nicht entmutigen.\u201c<\/em><\/p>\n<p><a href=\"https:\/\/magazine.swissinformatics.org\/it-feuer-somala-imhof\/\"><strong>Interview<\/strong> (Deutsch)<\/a><\/td>\n<\/tr>\n<tr>\n<td valign=\"top\" width=\"160\"><span style=\"color: #e3e3e3;\">.<img loading=\"lazy\" decoding=\"async\" class=\"alignnone size-medium wp-image-15760\" src=\"https:\/\/magazine.swissinformatics.org\/wp-content\/uploads\/2021\/07\/KatarzynaWac-300x300.png\" alt=\"Katarzyna Wac\" width=\"300\" height=\"300\" srcset=\"https:\/\/magazine.swissinformatics.org\/wp-content\/uploads\/2021\/07\/KatarzynaWac-300x300.png 300w, https:\/\/magazine.swissinformatics.org\/wp-content\/uploads\/2021\/07\/KatarzynaWac-150x150.png 150w, https:\/\/magazine.swissinformatics.org\/wp-content\/uploads\/2021\/07\/KatarzynaWac.png 500w\" sizes=\"(max-width: 300px) 100vw, 300px\" \/><\/span><\/td>\n<td valign=\"top\">&nbsp;<\/p>\n<h3>Katarzyna Wac<\/h3>\n<h4>Professorin an der Universit\u00e4t Genf<\/h4>\n<p><em>\u201eEs gibt nichts, was du falsch machen kannst. Folge einfach deiner Leidenschaft. Der Rest ergibt sich von selbst.\u201c<\/em><\/p>\n<p><a href=\"https:\/\/magazine.swissinformatics.org\/it-fire-katarzyna-wac\/\"><strong>Interview<\/strong> (Englisch)<\/a><\/td>\n<\/tr>\n<tr>\n<td valign=\"top\" width=\"160\"><span style=\"color: #e3e3e3;\">.<img loading=\"lazy\" decoding=\"async\" class=\"alignnone size-medium wp-image-15764\" src=\"https:\/\/magazine.swissinformatics.org\/wp-content\/uploads\/2021\/07\/MilicaMarkovic-300x300.png\" alt=\"Milica Markovic\" width=\"300\" height=\"300\" srcset=\"https:\/\/magazine.swissinformatics.org\/wp-content\/uploads\/2021\/07\/MilicaMarkovic.png 300w, https:\/\/magazine.swissinformatics.org\/wp-content\/uploads\/2021\/07\/MilicaMarkovic-150x150.png 150w\" sizes=\"(max-width: 300px) 100vw, 300px\" \/><\/span><\/td>\n<td valign=\"top\">&nbsp;<\/p>\n<h3>Milica Markovic<\/h3>\n<h4>Software Ingenieurin<\/h4>\n<p><em>\u201eDie IT Welt ist bunt und hat viel zu bieten \u2013 sei mutig und tauche ein!\u201c<\/em><\/p>\n<p><a href=\"https:\/\/magazine.swissinformatics.org\/it-feuer-milica-markovic\/\"><strong>Interview<\/strong> (Deutsch)<\/a><\/td>\n<\/tr>\n<tr>\n<td valign=\"top\" width=\"160\"><span style=\"color: #e3e3e3;\">.<img loading=\"lazy\" decoding=\"async\" class=\"alignnone size-full wp-image-15748\" src=\"https:\/\/magazine.swissinformatics.org\/wp-content\/uploads\/2021\/07\/AndreiaFariaCarvalho.png\" alt=\"Andreia Faria Carvalho\" width=\"152\" height=\"152\" srcset=\"https:\/\/magazine.swissinformatics.org\/wp-content\/uploads\/2021\/07\/AndreiaFariaCarvalho.png 152w, https:\/\/magazine.swissinformatics.org\/wp-content\/uploads\/2021\/07\/AndreiaFariaCarvalho-150x150.png 150w\" sizes=\"(max-width: 152px) 100vw, 152px\" \/><\/span><\/td>\n<td valign=\"top\">&nbsp;<\/p>\n<h3>Andreia Faria Carvalho<\/h3>\n<h4>Software\u00a0Ingenieurin<\/h4>\n<p><em>\u201eDie eigenen Ziele verfolgen.\u201c<\/em><\/p>\n<p><a href=\"https:\/\/magazine.swissinformatics.org\/la-fiamma-it-andreia-faria-carvalho\/\"><strong>Interview<\/strong> (Italienisch)<\/a><\/td>\n<\/tr>\n<tr>\n<td valign=\"top\" width=\"160\"><span style=\"color: #e3e3e3;\">.<img loading=\"lazy\" decoding=\"async\" class=\"alignnone size-full wp-image-15752\" src=\"https:\/\/magazine.swissinformatics.org\/wp-content\/uploads\/2021\/07\/Fiona_Duffy.png\" alt=\"Fiona Duffy\" width=\"213\" height=\"213\" srcset=\"https:\/\/magazine.swissinformatics.org\/wp-content\/uploads\/2021\/07\/Fiona_Duffy.png 213w, https:\/\/magazine.swissinformatics.org\/wp-content\/uploads\/2021\/07\/Fiona_Duffy-150x150.png 150w\" sizes=\"(max-width: 213px) 100vw, 213px\" \/><\/span><\/td>\n<td valign=\"top\">&nbsp;<\/p>\n<h3>Fiona Duffy<\/h3>\n<h4>Netzwerk\u00a0Ingenieurin<\/h4>\n<p><em>\u201eFolge deiner Leidenschaft und hab Spass.\u201c<\/em><\/p>\n<p><a href=\"https:\/\/magazine.swissinformatics.org\/it-feuer-fiona-duffy-1\/\"><strong>Interview<\/strong> (Deutsch)<\/a><\/td>\n<\/tr>\n<tr>\n<td valign=\"top\" width=\"160\"><span style=\"color: #e3e3e3;\">.<img loading=\"lazy\" decoding=\"async\" class=\"alignnone size-medium wp-image-15756\" src=\"https:\/\/magazine.swissinformatics.org\/wp-content\/uploads\/2021\/07\/IreneSusannaBucher-300x300.png\" alt=\"Irene Susanna Bucher\" width=\"300\" height=\"300\" srcset=\"https:\/\/magazine.swissinformatics.org\/wp-content\/uploads\/2021\/07\/IreneSusannaBucher-300x300.png 300w, https:\/\/magazine.swissinformatics.org\/wp-content\/uploads\/2021\/07\/IreneSusannaBucher-150x150.png 150w, https:\/\/magazine.swissinformatics.org\/wp-content\/uploads\/2021\/07\/IreneSusannaBucher.png 425w\" sizes=\"(max-width: 300px) 100vw, 300px\" \/><\/span><\/td>\n<td valign=\"top\">&nbsp;<\/p>\n<h3>Irene Susanna Bucher<\/h3>\n<h4>Testautomations und Qualit\u00e4tsingenieurin<\/h4>\n<p><em>\u201cJust do it!\u201d<\/em><\/p>\n<p><a href=\"https:\/\/magazine.swissinformatics.org\/it-feuer-irene-susanna-bucher\/\"><strong>Interview<\/strong> (Deutsch)<\/a><\/td>\n<\/tr>\n<tr>\n<td valign=\"top\" width=\"160\"><span style=\"color: #e3e3e3;\">.<img loading=\"lazy\" decoding=\"async\" class=\"alignnone size-full wp-image-15772\" src=\"https:\/\/magazine.swissinformatics.org\/wp-content\/uploads\/2021\/07\/RegulaMeier.png\" alt=\"Regula Meier\" width=\"250\" height=\"250\" srcset=\"https:\/\/magazine.swissinformatics.org\/wp-content\/uploads\/2021\/07\/RegulaMeier.png 250w, https:\/\/magazine.swissinformatics.org\/wp-content\/uploads\/2021\/07\/RegulaMeier-150x150.png 150w\" sizes=\"(max-width: 250px) 100vw, 250px\" \/><\/span><\/td>\n<td valign=\"top\">&nbsp;<\/p>\n<h3>Regula Meier<\/h3>\n<h4>Senior solution engineer<\/h4>\n<p><em>\u201eIT ist nicht nur f\u00fcr Jungs oder Nerds, und Sozialkompetenz ist auch in der IT wichtig!\u201c<\/em><\/p>\n<p><a href=\"https:\/\/magazine.swissinformatics.org\/it-feuer-regula-meier\/\"><strong>Interview<\/strong> (Deutsch)<\/a><\/td>\n<\/tr>\n<tr>\n<td valign=\"top\" width=\"160\"><span style=\"color: #e3e3e3;\">.<img loading=\"lazy\" decoding=\"async\" class=\"alignnone size-medium wp-image-15768\" src=\"https:\/\/magazine.swissinformatics.org\/wp-content\/uploads\/2021\/07\/MyriamFischer-300x300.png\" alt=\"Myriam Fischer\" width=\"300\" height=\"300\" srcset=\"https:\/\/magazine.swissinformatics.org\/wp-content\/uploads\/2021\/07\/MyriamFischer-300x300.png 300w, https:\/\/magazine.swissinformatics.org\/wp-content\/uploads\/2021\/07\/MyriamFischer-150x150.png 150w, https:\/\/magazine.swissinformatics.org\/wp-content\/uploads\/2021\/07\/MyriamFischer.png 500w\" sizes=\"(max-width: 300px) 100vw, 300px\" \/><\/span><\/td>\n<td valign=\"top\">&nbsp;<\/p>\n<h3>Myriam Fischer<\/h3>\n<h4>Software Ingenieurin<\/h4>\n<p><em>\u201eAlles ist lernbar in der Informatik!\u201c<\/em><\/p>\n<p><a href=\"https:\/\/magazine.swissinformatics.org\/it-feuer-myriam-fischer\/\"><strong>Interview<\/strong> (Deutsch)<\/a><\/td>\n<\/tr>\n<tr>\n<td colspan=\"2\" valign=\"top\">&nbsp;<\/p>\n<h3><span style=\"color: #e3e3e3;\">.<\/span><\/h3>\n<\/td>\n<td><\/td>\n<\/tr>\n<tr>\n<td style=\"background-color: #ffdd66;\" colspan=\"2\" valign=\"top\">\n<h2>Portr\u00e4ts ver\u00f6ffentlicht am 11. Juni 2021<\/h2>\n<\/td>\n<td><\/td>\n<\/tr>\n<tr>\n<td valign=\"top\" width=\"160\"><span style=\"color: #e3e3e3;\">.<\/span><br \/>\n<a href=\"https:\/\/magazine.swissinformatics.org\/de\/it-feuer-andrea-kennel\/\"><img loading=\"lazy\" decoding=\"async\" class=\"alignnone size-medium wp-image-14996\" src=\"https:\/\/magazine.swissinformatics.org\/wp-content\/uploads\/2021\/06\/AndreaKennel_4_quadrat_612-300x300.jpg\" alt=\"\" width=\"300\" height=\"300\" srcset=\"https:\/\/magazine.swissinformatics.org\/wp-content\/uploads\/2021\/06\/AndreaKennel_4_quadrat_612-300x300.jpg 300w, https:\/\/magazine.swissinformatics.org\/wp-content\/uploads\/2021\/06\/AndreaKennel_4_quadrat_612-150x150.jpg 150w, https:\/\/magazine.swissinformatics.org\/wp-content\/uploads\/2021\/06\/AndreaKennel_4_quadrat_612.jpg 612w\" sizes=\"(max-width: 300px) 100vw, 300px\" \/><\/a><\/td>\n<td valign=\"top\">&nbsp;<\/p>\n<h3>Andrea Kennel<\/h3>\n<h4>Unternehmerin und Dozentin<\/h4>\n<p><em>\u201eInformatik ist kommunikativ, kreativ und hilft die Zukunft zu gestalten. Hilf mit und engagiere Dich in einem der vielen Informatikbereiche.\u201c<\/em><\/p>\n<p><a href=\"https:\/\/magazine.swissinformatics.org\/de\/it-feuer-andrea-kennel\/\"><strong>Interview<\/strong> (Deutsch)<\/a><\/td>\n<\/tr>\n<tr>\n<td valign=\"top\" width=\"160\"><span style=\"color: #e3e3e3;\">.<\/span><br \/>\n<a href=\"https:\/\/magazine.swissinformatics.org\/de\/it-fire-arianna-blasi\/\"><img loading=\"lazy\" decoding=\"async\" class=\"alignnone size-medium wp-image-15076\" src=\"https:\/\/magazine.swissinformatics.org\/wp-content\/uploads\/2021\/06\/AriannaBlasi-300x300.png\" alt=\"Arianna Blasi\" width=\"300\" height=\"300\" srcset=\"https:\/\/magazine.swissinformatics.org\/wp-content\/uploads\/2021\/06\/AriannaBlasi-300x300.png 300w, https:\/\/magazine.swissinformatics.org\/wp-content\/uploads\/2021\/06\/AriannaBlasi-150x150.png 150w, https:\/\/magazine.swissinformatics.org\/wp-content\/uploads\/2021\/06\/AriannaBlasi.png 540w\" sizes=\"(max-width: 300px) 100vw, 300px\" \/><\/a><\/td>\n<td valign=\"top\">&nbsp;<\/p>\n<h3>Arianna Blasi<\/h3>\n<h4>Assistentin und Doktorandin an der Universit\u00e0 della Svizzera Italiana<\/h4>\n<p><em>\u201eM\u00f6ge deine Neugierde st\u00e4rker sein als deine \u00c4ngste. Kein Mensch ist furchtlos, und keine Lebensentscheidung ist einfach. Aber Leidenschaft und Mut k\u00f6nnen dir den Weg weisen durch alle Schwierigkeiten.\u201c<\/em><\/p>\n<p><a href=\"https:\/\/magazine.swissinformatics.org\/de\/it-fire-arianna-blasi\/\"><strong>Interview<\/strong> (Englisch)<\/a><\/td>\n<\/tr>\n<tr>\n<td valign=\"top\" width=\"160\"><span style=\"color: #e3e3e3;\">.<\/span><br \/>\n<a href=\"https:\/\/magazine.swissinformatics.org\/de\/it-feuer-barbara-weber\/\"><img loading=\"lazy\" decoding=\"async\" class=\"alignnone size-medium wp-image-15139\" src=\"https:\/\/magazine.swissinformatics.org\/wp-content\/uploads\/2021\/06\/BarbaraWeber-300x300.png\" alt=\"Barbara Weber\" width=\"300\" height=\"300\" srcset=\"https:\/\/magazine.swissinformatics.org\/wp-content\/uploads\/2021\/06\/BarbaraWeber-300x300.png 300w, https:\/\/magazine.swissinformatics.org\/wp-content\/uploads\/2021\/06\/BarbaraWeber-150x150.png 150w, https:\/\/magazine.swissinformatics.org\/wp-content\/uploads\/2021\/06\/BarbaraWeber.png 600w\" sizes=\"(max-width: 300px) 100vw, 300px\" \/><\/a><\/td>\n<td valign=\"top\">&nbsp;<\/p>\n<h3>Barbara Weber<\/h3>\n<h4>Professorin und Dekanin an der Universit\u00e4t St. Gallen<\/h4>\n<p><em>\u201eInformatik ist extrem vielseitig, stiftet grossen Nutzen und macht wahnsinnig viel Spass.\u201c<\/em><\/p>\n<p><a href=\"https:\/\/magazine.swissinformatics.org\/de\/it-feuer-barbara-weber\/\"><strong>Interview<\/strong> (Deutsch)<\/a><\/td>\n<\/tr>\n<tr>\n<td valign=\"top\" width=\"160\"><span style=\"color: #e3e3e3;\">.<\/span><br \/>\n<a href=\"https:\/\/magazine.swissinformatics.org\/de\/it-feuer-claudia-stucki\/\"><img loading=\"lazy\" decoding=\"async\" class=\"alignnone size-medium wp-image-15212\" src=\"https:\/\/magazine.swissinformatics.org\/wp-content\/uploads\/2021\/06\/ClaudiaStucki-300x300.png\" alt=\"Claudia Stucki\" width=\"300\" height=\"300\" srcset=\"https:\/\/magazine.swissinformatics.org\/wp-content\/uploads\/2021\/06\/ClaudiaStucki-300x300.png 300w, https:\/\/magazine.swissinformatics.org\/wp-content\/uploads\/2021\/06\/ClaudiaStucki-150x150.png 150w, https:\/\/magazine.swissinformatics.org\/wp-content\/uploads\/2021\/06\/ClaudiaStucki.png 480w\" sizes=\"(max-width: 300px) 100vw, 300px\" \/><\/a><\/td>\n<td valign=\"top\">&nbsp;<\/p>\n<h3>Claudia Stucki<\/h3>\n<h4>IT Systemspezialistin an der ETH Z\u00fcrich<\/h4>\n<p><em>\u201eDie spannendsten Sehensw\u00fcrdigkeiten befinden sich meist nicht neben dem Bahnhof. Orientiert euch und geht auch in eine Richtung, die nicht jeder auf seinem Stadtplan angezeigt bekommt.\u201c<\/em><\/p>\n<p><a href=\"https:\/\/magazine.swissinformatics.org\/de\/it-feuer-claudia-stucki\/\"><strong>Interview<\/strong> (Deutsch)<\/a><\/td>\n<\/tr>\n<tr>\n<td valign=\"top\" width=\"160\"><span style=\"color: #e3e3e3;\">.<\/span><br \/>\n<a href=\"https:\/\/magazine.swissinformatics.org\/de\/it-feuer-katja-schibler\/\"><img loading=\"lazy\" decoding=\"async\" class=\"alignnone size-medium wp-image-15216\" src=\"https:\/\/magazine.swissinformatics.org\/wp-content\/uploads\/2021\/06\/KatjaSchibler-300x300.png\" alt=\"Katja Schibler\" width=\"300\" height=\"300\" srcset=\"https:\/\/magazine.swissinformatics.org\/wp-content\/uploads\/2021\/06\/KatjaSchibler-300x300.png 300w, https:\/\/magazine.swissinformatics.org\/wp-content\/uploads\/2021\/06\/KatjaSchibler-150x150.png 150w, https:\/\/magazine.swissinformatics.org\/wp-content\/uploads\/2021\/06\/KatjaSchibler.png 540w\" sizes=\"(max-width: 300px) 100vw, 300px\" \/><\/a><\/td>\n<td valign=\"top\">&nbsp;<\/p>\n<h3>Katja Schibler<\/h3>\n<h4>IT Projektleiterin<\/h4>\n<p><em>\u201eInformatik ist mehr als 0 und 1, es ist die Grundlage f\u00fcr trendige Produkte und Dienstleistungen im heutigen Alltag, in welchen du deine Ideen einfliessen lassen kannst. Dabei ist die Zusammenarbeit und die Kommunikation in einem Team von essentieller Wichtigkeit. Und gerade hier bist du als Frau gerade richtig!\u201c<\/em><\/p>\n<p><a href=\"https:\/\/magazine.swissinformatics.org\/de\/it-feuer-katja-schibler\/\"><strong>Interview<\/strong> (Deutsch)<\/a><\/td>\n<\/tr>\n<tr>\n<td valign=\"top\" width=\"160\"><span style=\"color: #e3e3e3;\">.<\/span><br \/>\n<a href=\"https:\/\/magazine.swissinformatics.org\/de\/it-feuer-nora-sailer\/\"><img loading=\"lazy\" decoding=\"async\" class=\"alignnone size-full wp-image-15222\" src=\"https:\/\/magazine.swissinformatics.org\/wp-content\/uploads\/2021\/06\/NoraSailer.png\" alt=\"Nora Sailer\" width=\"232\" height=\"232\" srcset=\"https:\/\/magazine.swissinformatics.org\/wp-content\/uploads\/2021\/06\/NoraSailer.png 232w, https:\/\/magazine.swissinformatics.org\/wp-content\/uploads\/2021\/06\/NoraSailer-150x150.png 150w\" sizes=\"(max-width: 232px) 100vw, 232px\" \/><\/a><\/td>\n<td valign=\"top\">&nbsp;<\/p>\n<h3>Nora Sailer<\/h3>\n<h4>Firmeninhaberin, Softwareentwicklerin<\/h4>\n<p><em>\u201eStelle dir vor, wie du dich in Zukunft f\u00fchlst, wenn du am Morgen aufstehst und dir den Arbeitstag vorstellst. F\u00fchlt es sich z\u00e4h an? Lass die Finger davon, denn du wirst vermutlich viele Jahre mit diesem z\u00e4hen Gef\u00fchl verbringen m\u00fcssen. F\u00fchlt es sich motivierend an? Dann k\u00f6nnte es etwas f\u00fcr dich sein.\u201c<\/em><\/p>\n<p><a href=\"https:\/\/magazine.swissinformatics.org\/de\/it-feuer-nora-sailer\/\"><strong>Interview<\/strong> (Deutsch)<\/a><\/td>\n<\/tr>\n<tr>\n<td valign=\"top\" width=\"160\"><span style=\"color: #e3e3e3;\">.<\/span><br \/>\n<a href=\"https:\/\/magazine.swissinformatics.org\/it-feuer-nathalie-aebi\/\"><img loading=\"lazy\" decoding=\"async\" class=\"alignnone size-medium wp-image-15326\" src=\"https:\/\/magazine.swissinformatics.org\/wp-content\/uploads\/2021\/06\/NathalieAeby-300x300.png\" alt=\"Nathalie Aeby\" width=\"300\" height=\"300\" srcset=\"https:\/\/magazine.swissinformatics.org\/wp-content\/uploads\/2021\/06\/NathalieAeby-300x300.png 300w, https:\/\/magazine.swissinformatics.org\/wp-content\/uploads\/2021\/06\/NathalieAeby-150x150.png 150w, https:\/\/magazine.swissinformatics.org\/wp-content\/uploads\/2021\/06\/NathalieAeby.png 500w\" sizes=\"(max-width: 300px) 100vw, 300px\" \/><\/a><\/td>\n<td valign=\"top\">&nbsp;<\/p>\n<h3>Nathalie Aeby<\/h3>\n<h4>ICT System-Ingenieurin<\/h4>\n<p><em>\u201eInformatik ist so ein grosser Bereich, da ist f\u00fcr jede und jeden etwas dabei.\u201c<\/em><\/p>\n<p><a href=\"https:\/\/magazine.swissinformatics.org\/it-feuer-nathalie-aeby\/\"><strong>Interview<\/strong> (Deutsch)<\/a><\/td>\n<\/tr>\n<tr>\n<td valign=\"top\" width=\"160\"><span style=\"color: #e3e3e3;\">.<\/span><br \/>\n<a href=\"https:\/\/magazine.swissinformatics.org\/it-feuer-ulrike-glavitsch\/\"><img loading=\"lazy\" decoding=\"async\" class=\"alignnone size-medium wp-image-15224\" src=\"https:\/\/magazine.swissinformatics.org\/wp-content\/uploads\/2021\/06\/UlrikeGlavitsch-300x300.png\" alt=\"Ulrike Glavitsch\" width=\"300\" height=\"300\" srcset=\"https:\/\/magazine.swissinformatics.org\/wp-content\/uploads\/2021\/06\/UlrikeGlavitsch-300x300.png 300w, https:\/\/magazine.swissinformatics.org\/wp-content\/uploads\/2021\/06\/UlrikeGlavitsch-150x150.png 150w, https:\/\/magazine.swissinformatics.org\/wp-content\/uploads\/2021\/06\/UlrikeGlavitsch.png 432w\" sizes=\"(max-width: 300px) 100vw, 300px\" \/><\/a><\/td>\n<td valign=\"top\">&nbsp;<\/p>\n<h3>Ulrike Glavitsch<\/h3>\n<h4>CTO in eigenem Start-up Unternehmen<\/h4>\n<p><em>\u201eDie IT ist vielf\u00e4ltig, interdisziplin\u00e4r und bietet viele Berufsm\u00f6glichkeiten.\u201c<\/em><\/p>\n<p><a href=\"https:\/\/magazine.swissinformatics.org\/it-feuer-ulrike-glavitsch\/\"><strong>Interview<\/strong> (Deutsch)<\/a><\/td>\n<\/tr>\n<tr>\n<td valign=\"top\" width=\"160\"><span style=\"color: #e3e3e3;\">.<\/span><br \/>\n<img loading=\"lazy\" decoding=\"async\" class=\"alignnone size-full wp-image-15322\" src=\"https:\/\/magazine.swissinformatics.org\/wp-content\/uploads\/2021\/06\/MonicaLandoni.png\" alt=\"Monica Landoni\" width=\"259\" height=\"259\" srcset=\"https:\/\/magazine.swissinformatics.org\/wp-content\/uploads\/2021\/06\/MonicaLandoni.png 259w, https:\/\/magazine.swissinformatics.org\/wp-content\/uploads\/2021\/06\/MonicaLandoni-150x150.png 150w\" sizes=\"(max-width: 259px) 100vw, 259px\" \/><\/td>\n<td valign=\"top\">&nbsp;<\/p>\n<h3>Monica Landoni<\/h3>\n<h4>Forscherin und Dozentin an der Universit\u00e0 della Svizzera Italiana<\/h4>\n<p><em>\u201eW\u00e4hle, was dich begeistert und herausfordert. Du bist es, die den Unterschied machen kann!\u201c<\/em><\/p>\n<p><a href=\"https:\/\/magazine.swissinformatics.org\/it-fire-monica-landoni\/\"><strong>Interview<\/strong> (Englisch)<\/a><\/td>\n<\/tr>\n<tr>\n<td valign=\"top\" width=\"160\"><span style=\"color: #e3e3e3;\">.<\/span><br \/>\n<a href=\"https:\/\/magazine.swissinformatics.org\/it-feuer-carolin-baumgartner\/\"><img loading=\"lazy\" decoding=\"async\" class=\"alignnone size-medium wp-image-15384\" src=\"https:\/\/magazine.swissinformatics.org\/wp-content\/uploads\/2021\/06\/CarolinBaumgartner-300x300.png\" alt=\"Carolin Baumgartner\" width=\"300\" height=\"300\" srcset=\"https:\/\/magazine.swissinformatics.org\/wp-content\/uploads\/2021\/06\/CarolinBaumgartner-300x300.png 300w, https:\/\/magazine.swissinformatics.org\/wp-content\/uploads\/2021\/06\/CarolinBaumgartner-150x150.png 150w, https:\/\/magazine.swissinformatics.org\/wp-content\/uploads\/2021\/06\/CarolinBaumgartner.png 500w\" sizes=\"(max-width: 300px) 100vw, 300px\" \/><\/a><\/td>\n<td valign=\"top\">&nbsp;<\/p>\n<h3>Carolin Baumgartner<\/h3>\n<h4>Sicherheitsbeauftragte der Steuerverwaltung des Kantons Bern, Dozentin UniFr<\/h4>\n<p><em>\u201eEinfach machen \ud83d\ude0a.\u201c<\/em><\/p>\n<p><a href=\"https:\/\/magazine.swissinformatics.org\/it-feuer-carolin-baumgartner\/\"><strong>Interview<\/strong> (Deutsch)<\/a><\/td>\n<\/tr>\n<tr>\n<td valign=\"top\" width=\"160\"><span style=\"color: #e3e3e3;\">.<\/span><br \/>\n<a href=\"https:\/\/magazine.swissinformatics.org\/it-fire-sharol-suess-oreggio\/\"><img loading=\"lazy\" decoding=\"async\" class=\"alignnone size-medium wp-image-15334\" src=\"https:\/\/magazine.swissinformatics.org\/wp-content\/uploads\/2021\/06\/SharolSueess-300x300.png\" alt=\"Sharol S\u00fcess-O\u2019Reggio\" width=\"300\" height=\"300\" srcset=\"https:\/\/magazine.swissinformatics.org\/wp-content\/uploads\/2021\/06\/SharolSueess-300x300.png 300w, https:\/\/magazine.swissinformatics.org\/wp-content\/uploads\/2021\/06\/SharolSueess-150x150.png 150w, https:\/\/magazine.swissinformatics.org\/wp-content\/uploads\/2021\/06\/SharolSueess.png 500w\" sizes=\"(max-width: 300px) 100vw, 300px\" \/><\/a><\/td>\n<td valign=\"top\">&nbsp;<\/p>\n<h3>Sharol S\u00fcess-O\u2019Reggio<\/h3>\n<h4>Produkteignerin<\/h4>\n<p><em>\u201eDu bist verantwortlich f\u00fcr die Gestaltung deines Lebens. Deine Lebensumst\u00e4nde sind dein Rohmaterial. Sie werden bis zu einem gewissen Grad den Weg beeinflussen, den du einschl\u00e4gst. Einige von ihnen k\u00f6nnen kontrolliert oder beeinflusst werden. Andere sind wie die Schwerkraft \u2013 sie sind gegeben und du kannst sie nicht eliminieren, aber du kannst sie zu deinem Vorteil nutzen.\u201c<\/em><\/p>\n<p><a href=\"https:\/\/magazine.swissinformatics.org\/it-fire-sharol-suess-oreggio\/\"><strong>Interview<\/strong> (Englisch)<\/a><\/td>\n<\/tr>\n<\/tbody>\n<\/table>\n<p>&nbsp;<\/p>\n<h3>Danksagung<\/h3>\n<p>Wir danken allen Frauen, die ein Interview zu diesem Projekt beigesteuert haben, f\u00fcr ihr Engagement und die Zeit, die sie sich daf\u00fcr genommen haben.<\/p>\n<p><em>Priska Altorfer<\/em>, <em>Ulrike Glavitsch<\/em> und <em>Rebekka Masson<\/em> haben das Projekt SI IT-Feuer Interviews lanciert. Sie entwarfen den Fragebogen, holten die Interviews ein und sammelten sie. Ulrike Glavitsch hat ferner die Interviews der zweiten, dritten und vierten Serie lektoriert. Priska, Ulrike und Rebekka sind Mitglieder des Vorstands der SI. Sie setzen sich daf\u00fcr ein, mehr Frauen f\u00fcr die Informatik zu gewinnen.<br \/>\n<em>Martin Glinz<\/em> hat das Lektorat der ersten elf Interviews besorgt, die Webseiten gestaltet und sich, teilweise mit Unterst\u00fctzung der SI-Gesch\u00e4ftsstelle, um die Ver\u00f6ffentlichung der Interviews im SIDM, dem digitalen Magazin der SI, gek\u00fcmmert. Er ist Mitglied des Vorstands der SI.<\/p>\n","protected":false},"excerpt":{"rendered":"<p>&nbsp; Im Rahmen der Initiative www.it-feuer.ch ver\u00f6ffentlicht die Schweizer Informatik Gesellschaft (SI) von Juni bis Dezember 2021 Portr\u00e4ts von Frauen in der IT. Die SI hat sich auf die Suche nach weiblichen Vorbildern gemacht und viele Frauen gefunden, die ihren Weg in die IT gemacht haben, auch wenn die IT immer noch eine M\u00e4nnerwelt ist. [&hellip;]<\/p>\n","protected":false},"author":1990,"featured_media":17496,"comment_status":"closed","ping_status":"closed","sticky":false,"template":"","format":"standard","meta":{"footnotes":""},"categories":[4886,4798,396,4863],"tags":[],"yoast_head":"<!-- This site is optimized with the Yoast SEO plugin v21.1 - https:\/\/yoast.com\/wordpress\/plugins\/seo\/ -->\n<title>Eine B\u00fchne f\u00fcr Frauen in der Informatik - SI Digital Magazine<\/title>\n<meta name=\"robots\" content=\"index, follow, max-snippet:-1, max-image-preview:large, max-video-preview:-1\" \/>\n<link rel=\"canonical\" href=\"https:\/\/magazine.swissinformatics.org\/de\/a-stage-for-women-in-it\/\" \/>\n<meta property=\"og:locale\" content=\"de_DE\" \/>\n<meta property=\"og:type\" content=\"article\" \/>\n<meta property=\"og:title\" content=\"Eine B\u00fchne f\u00fcr Frauen in der Informatik - SI Digital Magazine\" \/>\n<meta property=\"og:description\" content=\"&nbsp; Im Rahmen der Initiative www.it-feuer.ch ver\u00f6ffentlicht die Schweizer Informatik Gesellschaft (SI) von Juni bis Dezember 2021 Portr\u00e4ts von Frauen in der IT. Die SI hat sich auf die Suche nach weiblichen Vorbildern gemacht und viele Frauen gefunden, die ihren Weg in die IT gemacht haben, auch wenn die IT immer noch eine M\u00e4nnerwelt ist. [&hellip;]\" \/>\n<meta property=\"og:url\" content=\"https:\/\/magazine.swissinformatics.org\/de\/a-stage-for-women-in-it\/\" \/>\n<meta property=\"og:site_name\" content=\"SI Digital Magazine\" \/>\n<meta property=\"article:publisher\" content=\"https:\/\/www.facebook.com\/www.swissinformatics.org\/?fref=ts\" \/>\n<meta property=\"article:published_time\" content=\"2021-12-06T16:10:08+00:00\" \/>\n<meta property=\"article:modified_time\" content=\"2022-07-12T09:20:35+00:00\" \/>\n<meta property=\"og:image\" content=\"https:\/\/magazine.swissinformatics.org\/wp-content\/uploads\/2022\/06\/girlpower-6-reformatted.png\" \/>\n\t<meta property=\"og:image:width\" content=\"1736\" \/>\n\t<meta property=\"og:image:height\" content=\"1113\" \/>\n\t<meta property=\"og:image:type\" content=\"image\/png\" \/>\n<meta name=\"author\" content=\"SIDM Editorial Team\" \/>\n<meta name=\"twitter:card\" content=\"summary_large_image\" \/>\n<meta name=\"twitter:creator\" content=\"@SIGesellschaft\" \/>\n<meta name=\"twitter:site\" content=\"@SIGesellschaft\" \/>\n<meta name=\"twitter:label1\" content=\"Verfasst von\" \/>\n\t<meta name=\"twitter:data1\" content=\"SIDM Editorial Team\" \/>\n\t<meta name=\"twitter:label2\" content=\"Gesch\u00e4tzte Lesezeit\" \/>\n\t<meta name=\"twitter:data2\" content=\"14 Minuten\" \/>\n<script type=\"application\/ld+json\" class=\"yoast-schema-graph\">{\"@context\":\"https:\/\/schema.org\",\"@graph\":[{\"@type\":\"Article\",\"@id\":\"https:\/\/magazine.swissinformatics.org\/de\/a-stage-for-women-in-it\/#article\",\"isPartOf\":{\"@id\":\"https:\/\/magazine.swissinformatics.org\/de\/a-stage-for-women-in-it\/\"},\"author\":{\"name\":\"SIDM Editorial Team\",\"@id\":\"https:\/\/magazine.swissinformatics.org\/en\/#\/schema\/person\/452d23b612569f38f60699f14261bae3\"},\"headline\":\"Eine B\u00fchne f\u00fcr Frauen in der Informatik\",\"datePublished\":\"2021-12-06T16:10:08+00:00\",\"dateModified\":\"2022-07-12T09:20:35+00:00\",\"mainEntityOfPage\":{\"@id\":\"https:\/\/magazine.swissinformatics.org\/de\/a-stage-for-women-in-it\/\"},\"wordCount\":1561,\"publisher\":{\"@id\":\"https:\/\/magazine.swissinformatics.org\/en\/#organization\"},\"articleSection\":[\"\u2022 Artikel \u2022\",\"Frauen in der IT\",\"Gesellschaft\",\"ZZ_InFocus\"],\"inLanguage\":\"de-DE\"},{\"@type\":\"WebPage\",\"@id\":\"https:\/\/magazine.swissinformatics.org\/de\/a-stage-for-women-in-it\/\",\"url\":\"https:\/\/magazine.swissinformatics.org\/de\/a-stage-for-women-in-it\/\",\"name\":\"Eine B\u00fchne f\u00fcr Frauen in der Informatik - SI Digital Magazine\",\"isPartOf\":{\"@id\":\"https:\/\/magazine.swissinformatics.org\/en\/#website\"},\"datePublished\":\"2021-12-06T16:10:08+00:00\",\"dateModified\":\"2022-07-12T09:20:35+00:00\",\"breadcrumb\":{\"@id\":\"https:\/\/magazine.swissinformatics.org\/de\/a-stage-for-women-in-it\/#breadcrumb\"},\"inLanguage\":\"de-DE\",\"potentialAction\":[{\"@type\":\"ReadAction\",\"target\":[\"https:\/\/magazine.swissinformatics.org\/de\/a-stage-for-women-in-it\/\"]}]},{\"@type\":\"BreadcrumbList\",\"@id\":\"https:\/\/magazine.swissinformatics.org\/de\/a-stage-for-women-in-it\/#breadcrumb\",\"itemListElement\":[{\"@type\":\"ListItem\",\"position\":1,\"name\":\"Home\",\"item\":\"https:\/\/magazine.swissinformatics.org\/en\/\"},{\"@type\":\"ListItem\",\"position\":2,\"name\":\"Eine B\u00fchne f\u00fcr Frauen in der Informatik\"}]},{\"@type\":\"WebSite\",\"@id\":\"https:\/\/magazine.swissinformatics.org\/en\/#website\",\"url\":\"https:\/\/magazine.swissinformatics.org\/en\/\",\"name\":\"SI Digital Magazine\",\"description\":\"News - Nachrichten - Nouvelles - Notizie\",\"publisher\":{\"@id\":\"https:\/\/magazine.swissinformatics.org\/en\/#organization\"},\"potentialAction\":[{\"@type\":\"SearchAction\",\"target\":{\"@type\":\"EntryPoint\",\"urlTemplate\":\"https:\/\/magazine.swissinformatics.org\/en\/?s={search_term_string}\"},\"query-input\":\"required name=search_term_string\"}],\"inLanguage\":\"de-DE\"},{\"@type\":\"Organization\",\"@id\":\"https:\/\/magazine.swissinformatics.org\/en\/#organization\",\"name\":\"Swiss Informatics Society\",\"url\":\"https:\/\/magazine.swissinformatics.org\/en\/\",\"logo\":{\"@type\":\"ImageObject\",\"inLanguage\":\"de-DE\",\"@id\":\"https:\/\/magazine.swissinformatics.org\/en\/#\/schema\/logo\/image\/\",\"url\":\"https:\/\/magazine.swissinformatics.org\/wp-content\/uploads\/2017\/11\/SI_KeyImage_4to3.jpg\",\"contentUrl\":\"https:\/\/magazine.swissinformatics.org\/wp-content\/uploads\/2017\/11\/SI_KeyImage_4to3.jpg\",\"width\":1441,\"height\":1081,\"caption\":\"Swiss Informatics Society\"},\"image\":{\"@id\":\"https:\/\/magazine.swissinformatics.org\/en\/#\/schema\/logo\/image\/\"},\"sameAs\":[\"https:\/\/www.facebook.com\/www.swissinformatics.org\/?fref=ts\",\"https:\/\/twitter.com\/SIGesellschaft\",\"https:\/\/www.youtube.com\/channel\/UCYUEr1Qkbri9GDTa84z415g\"]},{\"@type\":\"Person\",\"@id\":\"https:\/\/magazine.swissinformatics.org\/en\/#\/schema\/person\/452d23b612569f38f60699f14261bae3\",\"name\":\"SIDM Editorial Team\",\"image\":{\"@type\":\"ImageObject\",\"inLanguage\":\"de-DE\",\"@id\":\"https:\/\/magazine.swissinformatics.org\/en\/#\/schema\/person\/image\/\",\"url\":\"https:\/\/secure.gravatar.com\/avatar\/3d5ae574d6ea133c631d314a16529b0e?s=96&d=mm&r=g\",\"contentUrl\":\"https:\/\/secure.gravatar.com\/avatar\/3d5ae574d6ea133c631d314a16529b0e?s=96&d=mm&r=g\",\"caption\":\"SIDM Editorial Team\"},\"url\":\"https:\/\/magazine.swissinformatics.org\/de\/author\/sidmeditors\/\"}]}<\/script>\n<!-- \/ Yoast SEO plugin. -->","yoast_head_json":{"title":"Eine B\u00fchne f\u00fcr Frauen in der Informatik - SI Digital Magazine","robots":{"index":"index","follow":"follow","max-snippet":"max-snippet:-1","max-image-preview":"max-image-preview:large","max-video-preview":"max-video-preview:-1"},"canonical":"https:\/\/magazine.swissinformatics.org\/de\/a-stage-for-women-in-it\/","og_locale":"de_DE","og_type":"article","og_title":"Eine B\u00fchne f\u00fcr Frauen in der Informatik - SI Digital Magazine","og_description":"&nbsp; Im Rahmen der Initiative www.it-feuer.ch ver\u00f6ffentlicht die Schweizer Informatik Gesellschaft (SI) von Juni bis Dezember 2021 Portr\u00e4ts von Frauen in der IT. Die SI hat sich auf die Suche nach weiblichen Vorbildern gemacht und viele Frauen gefunden, die ihren Weg in die IT gemacht haben, auch wenn die IT immer noch eine M\u00e4nnerwelt ist. [&hellip;]","og_url":"https:\/\/magazine.swissinformatics.org\/de\/a-stage-for-women-in-it\/","og_site_name":"SI Digital Magazine","article_publisher":"https:\/\/www.facebook.com\/www.swissinformatics.org\/?fref=ts","article_published_time":"2021-12-06T16:10:08+00:00","article_modified_time":"2022-07-12T09:20:35+00:00","og_image":[{"width":1736,"height":1113,"url":"https:\/\/magazine.swissinformatics.org\/wp-content\/uploads\/2022\/06\/girlpower-6-reformatted.png","type":"image\/png"}],"author":"SIDM Editorial Team","twitter_card":"summary_large_image","twitter_creator":"@SIGesellschaft","twitter_site":"@SIGesellschaft","twitter_misc":{"Verfasst von":"SIDM Editorial Team","Gesch\u00e4tzte Lesezeit":"14 Minuten"},"schema":{"@context":"https:\/\/schema.org","@graph":[{"@type":"Article","@id":"https:\/\/magazine.swissinformatics.org\/de\/a-stage-for-women-in-it\/#article","isPartOf":{"@id":"https:\/\/magazine.swissinformatics.org\/de\/a-stage-for-women-in-it\/"},"author":{"name":"SIDM Editorial Team","@id":"https:\/\/magazine.swissinformatics.org\/en\/#\/schema\/person\/452d23b612569f38f60699f14261bae3"},"headline":"Eine B\u00fchne f\u00fcr Frauen in der Informatik","datePublished":"2021-12-06T16:10:08+00:00","dateModified":"2022-07-12T09:20:35+00:00","mainEntityOfPage":{"@id":"https:\/\/magazine.swissinformatics.org\/de\/a-stage-for-women-in-it\/"},"wordCount":1561,"publisher":{"@id":"https:\/\/magazine.swissinformatics.org\/en\/#organization"},"articleSection":["\u2022 Artikel \u2022","Frauen in der IT","Gesellschaft","ZZ_InFocus"],"inLanguage":"de-DE"},{"@type":"WebPage","@id":"https:\/\/magazine.swissinformatics.org\/de\/a-stage-for-women-in-it\/","url":"https:\/\/magazine.swissinformatics.org\/de\/a-stage-for-women-in-it\/","name":"Eine B\u00fchne f\u00fcr Frauen in der Informatik - SI Digital Magazine","isPartOf":{"@id":"https:\/\/magazine.swissinformatics.org\/en\/#website"},"datePublished":"2021-12-06T16:10:08+00:00","dateModified":"2022-07-12T09:20:35+00:00","breadcrumb":{"@id":"https:\/\/magazine.swissinformatics.org\/de\/a-stage-for-women-in-it\/#breadcrumb"},"inLanguage":"de-DE","potentialAction":[{"@type":"ReadAction","target":["https:\/\/magazine.swissinformatics.org\/de\/a-stage-for-women-in-it\/"]}]},{"@type":"BreadcrumbList","@id":"https:\/\/magazine.swissinformatics.org\/de\/a-stage-for-women-in-it\/#breadcrumb","itemListElement":[{"@type":"ListItem","position":1,"name":"Home","item":"https:\/\/magazine.swissinformatics.org\/en\/"},{"@type":"ListItem","position":2,"name":"Eine B\u00fchne f\u00fcr Frauen in der Informatik"}]},{"@type":"WebSite","@id":"https:\/\/magazine.swissinformatics.org\/en\/#website","url":"https:\/\/magazine.swissinformatics.org\/en\/","name":"SI Digital Magazine","description":"News - Nachrichten - Nouvelles - Notizie","publisher":{"@id":"https:\/\/magazine.swissinformatics.org\/en\/#organization"},"potentialAction":[{"@type":"SearchAction","target":{"@type":"EntryPoint","urlTemplate":"https:\/\/magazine.swissinformatics.org\/en\/?s={search_term_string}"},"query-input":"required name=search_term_string"}],"inLanguage":"de-DE"},{"@type":"Organization","@id":"https:\/\/magazine.swissinformatics.org\/en\/#organization","name":"Swiss Informatics Society","url":"https:\/\/magazine.swissinformatics.org\/en\/","logo":{"@type":"ImageObject","inLanguage":"de-DE","@id":"https:\/\/magazine.swissinformatics.org\/en\/#\/schema\/logo\/image\/","url":"https:\/\/magazine.swissinformatics.org\/wp-content\/uploads\/2017\/11\/SI_KeyImage_4to3.jpg","contentUrl":"https:\/\/magazine.swissinformatics.org\/wp-content\/uploads\/2017\/11\/SI_KeyImage_4to3.jpg","width":1441,"height":1081,"caption":"Swiss Informatics Society"},"image":{"@id":"https:\/\/magazine.swissinformatics.org\/en\/#\/schema\/logo\/image\/"},"sameAs":["https:\/\/www.facebook.com\/www.swissinformatics.org\/?fref=ts","https:\/\/twitter.com\/SIGesellschaft","https:\/\/www.youtube.com\/channel\/UCYUEr1Qkbri9GDTa84z415g"]},{"@type":"Person","@id":"https:\/\/magazine.swissinformatics.org\/en\/#\/schema\/person\/452d23b612569f38f60699f14261bae3","name":"SIDM Editorial Team","image":{"@type":"ImageObject","inLanguage":"de-DE","@id":"https:\/\/magazine.swissinformatics.org\/en\/#\/schema\/person\/image\/","url":"https:\/\/secure.gravatar.com\/avatar\/3d5ae574d6ea133c631d314a16529b0e?s=96&d=mm&r=g","contentUrl":"https:\/\/secure.gravatar.com\/avatar\/3d5ae574d6ea133c631d314a16529b0e?s=96&d=mm&r=g","caption":"SIDM Editorial Team"},"url":"https:\/\/magazine.swissinformatics.org\/de\/author\/sidmeditors\/"}]}},"_links":{"self":[{"href":"https:\/\/magazine.swissinformatics.org\/de\/wp-json\/wp\/v2\/posts\/15020"}],"collection":[{"href":"https:\/\/magazine.swissinformatics.org\/de\/wp-json\/wp\/v2\/posts"}],"about":[{"href":"https:\/\/magazine.swissinformatics.org\/de\/wp-json\/wp\/v2\/types\/post"}],"author":[{"embeddable":true,"href":"https:\/\/magazine.swissinformatics.org\/de\/wp-json\/wp\/v2\/users\/1990"}],"replies":[{"embeddable":true,"href":"https:\/\/magazine.swissinformatics.org\/de\/wp-json\/wp\/v2\/comments?post=15020"}],"version-history":[{"count":0,"href":"https:\/\/magazine.swissinformatics.org\/de\/wp-json\/wp\/v2\/posts\/15020\/revisions"}],"wp:featuredmedia":[{"embeddable":true,"href":"https:\/\/magazine.swissinformatics.org\/de\/wp-json\/wp\/v2\/media\/17496"}],"wp:attachment":[{"href":"https:\/\/magazine.swissinformatics.org\/de\/wp-json\/wp\/v2\/media?parent=15020"}],"wp:term":[{"taxonomy":"category","embeddable":true,"href":"https:\/\/magazine.swissinformatics.org\/de\/wp-json\/wp\/v2\/categories?post=15020"},{"taxonomy":"post_tag","embeddable":true,"href":"https:\/\/magazine.swissinformatics.org\/de\/wp-json\/wp\/v2\/tags?post=15020"}],"curies":[{"name":"wp","href":"https:\/\/api.w.org\/{rel}","templated":true}]}}