{"id":19162,"date":"2022-11-25T13:35:00","date_gmt":"2022-11-25T12:35:00","guid":{"rendered":"https:\/\/magazine.swissinformatics.org\/?p=19162"},"modified":"2022-12-14T15:10:46","modified_gmt":"2022-12-14T14:10:46","slug":"balzert-preis-2022","status":"publish","type":"post","link":"https:\/\/magazine.swissinformatics.org\/de\/balzert-preis-2022\/","title":{"rendered":"Balzert Preis 2022"},"content":{"rendered":"\n<p>Der diesj\u00e4hrige <em>Helmut und Heide Balzert-Preis<\/em> f\u00fcr hervorragende Beitr\u00e4ge zur Vermittlung von Inhalten der Informatik und zur Didaktik der Informatik wurde an <em>Stefan Seegerer<\/em> verliehen.<\/p>\n\n\n\n<div class=\"wp-block-media-text is-stacked-on-mobile is-vertically-aligned-top\" style=\"grid-template-columns:67% auto\"><figure class=\"wp-block-media-text__media\"><img fetchpriority=\"high\" decoding=\"async\" width=\"1200\" height=\"800\" src=\"https:\/\/magazine.swissinformatics.org\/wp-content\/uploads\/2022\/12\/2022-09-29_informatik_2366_1200x800_normal.png\" alt=\"Balzert Award Ceremony\" class=\"wp-image-19148 size-full\" srcset=\"https:\/\/magazine.swissinformatics.org\/wp-content\/uploads\/2022\/12\/2022-09-29_informatik_2366_1200x800_normal.png 1200w, https:\/\/magazine.swissinformatics.org\/wp-content\/uploads\/2022\/12\/2022-09-29_informatik_2366_1200x800_normal-400x267.png 400w, https:\/\/magazine.swissinformatics.org\/wp-content\/uploads\/2022\/12\/2022-09-29_informatik_2366_1200x800_normal-120x80.png 120w, https:\/\/magazine.swissinformatics.org\/wp-content\/uploads\/2022\/12\/2022-09-29_informatik_2366_1200x800_normal-768x512.png 768w, https:\/\/magazine.swissinformatics.org\/wp-content\/uploads\/2022\/12\/2022-09-29_informatik_2366_1200x800_normal-391x260.png 391w\" sizes=\"(max-width: 1200px) 100vw, 1200px\" \/><\/figure><div class=\"wp-block-media-text__content\">\n<p><strong>Preisverleihung am 29. September 2022 in Hamburg<\/strong><br>Mitte: der Preistr\u00e4ger Stefan Seegerer.<br>Von l. nach r.: Martin Glinz (SI Vorstand), Helmut und Heide Balzert (Preisstifter), Stefan Seegerer (Preistr\u00e4ger), Ulrike Lucke (GI Vizepr\u00e4sidentin), Ronald Bieber (OCG Gesch\u00e4ftsf\u00fchrer)<br><small>Photo: GI, Fabian Hammerl<\/small><\/p>\n<\/div><\/div>\n\n\n\n<p><br>Im Jahr 2021 haben <em>Helmut und Heide Balzert <\/em>einen mit \u20ac 10.000 dotierten Preis gestiftet f\u00fcr hervorragende Beitr\u00e4ge zur Vermittlung von Inhalten der Informatik und zur Didaktik der Informatik. Der Preis wird von der Gesellschaft f\u00fcr Informatik e.V. (GI) in Kooperation mit der \u00d6sterreichischen Computergesellschaft (OCG) und der Schweizer Informatik Gesellschaft (SI) sowie der Prof. Balzert Stiftung verliehen. Er wird j\u00e4hrlich verliehen f\u00fcr hervorragende Arbeiten aus einem der nachstehenden Gebiete:<\/p>\n\n\n\n<ul>\n<li>Digitale Vermittlung schwieriger Sachzusammenh\u00e4nge der Informatik mittels innovativer Didaktik,<\/li>\n\n\n\n<li>Didaktische Konzepte und deren innovative Nutzung f\u00fcr Informatik-Inhalte, etwa in Lehrbuchform in Verkn\u00fcpfung mit Online-Interaktion und E-Learning,<\/li>\n\n\n\n<li>Digitale \u00dcberpr\u00fcfung von Wissen, Kenntnissen und Fertigkeiten von Sachverhalten der Informatik sowie der Handlungskompetenz in der Informatik mittels innovativer Didaktik.<\/li>\n<\/ul>\n\n\n\n<p>Alle Universit\u00e4ten und Fachhochschulen in Deutschland, \u00d6sterreich und der Schweiz k\u00f6nnen Arbeiten f\u00fcr den Preis nominieren. Lehrende dieser Hochschulen k\u00f6nnen Abschlussarbeiten (Bachelorarbeiten, Masterarbeiten, Dissertationen und Habilitationen) f\u00fcr den Preis nominieren. Ferner k\u00f6nnen auch hervorragende Arbeiten vorgeschlagen werden, welche in der h\u00f6heren Schuldbildung, der Hochschulbildung oder der Erwachsenenbildung eingesetzt werden. Weitere Details finden sich <a href=\"https:\/\/gi.de\/balzert-preis\" target=\"_blank\" rel=\"noreferrer noopener\">hier<\/a>.<\/p>\n\n\n\n<p>Eine Jury, bestehend aus Helmut Balzert als Preisstifter und einer Gruppe von Expertinnen und Experten aus der GI, der OCG und der SI, w\u00e4hlt die Preistr\u00e4gerin oder den Preistr\u00e4ger aus der Menge der Nominationen aus.<\/p>\n","protected":false},"excerpt":{"rendered":"<p>Der diesj\u00e4hrige Helmut und Heide Balzert-Preis f\u00fcr hervorragende Beitr\u00e4ge zur Vermittlung von Inhalten der Informatik und zur Didaktik der Informatik wurde an Stefan Seegerer verliehen. Preisverleihung am 29. September 2022 in HamburgMitte: der Preistr\u00e4ger Stefan Seegerer.Von l. nach r.: Martin Glinz (SI Vorstand), Helmut und Heide Balzert (Preisstifter), Stefan Seegerer (Preistr\u00e4ger), Ulrike Lucke (GI Vizepr\u00e4sidentin), [&hellip;]<\/p>\n","protected":false},"author":1837,"featured_media":19154,"comment_status":"open","ping_status":"closed","sticky":false,"template":"","format":"standard","meta":{"footnotes":""},"categories":[4892,415],"tags":[],"yoast_head":"<!-- This site is optimized with the Yoast SEO plugin v21.1 - https:\/\/yoast.com\/wordpress\/plugins\/seo\/ -->\n<title>Balzert Preis 2022 - SI Digital Magazine<\/title>\n<meta name=\"robots\" content=\"index, follow, max-snippet:-1, max-image-preview:large, max-video-preview:-1\" \/>\n<link rel=\"canonical\" href=\"https:\/\/magazine.swissinformatics.org\/de\/balzert-preis-2022\/\" \/>\n<meta property=\"og:locale\" content=\"de_DE\" \/>\n<meta property=\"og:type\" content=\"article\" \/>\n<meta property=\"og:title\" content=\"Balzert Preis 2022 - SI Digital Magazine\" \/>\n<meta property=\"og:description\" content=\"Der diesj\u00e4hrige Helmut und Heide Balzert-Preis f\u00fcr hervorragende Beitr\u00e4ge zur Vermittlung von Inhalten der Informatik und zur Didaktik der Informatik wurde an Stefan Seegerer verliehen. Preisverleihung am 29. September 2022 in HamburgMitte: der Preistr\u00e4ger Stefan Seegerer.Von l. nach r.: Martin Glinz (SI Vorstand), Helmut und Heide Balzert (Preisstifter), Stefan Seegerer (Preistr\u00e4ger), Ulrike Lucke (GI Vizepr\u00e4sidentin), [&hellip;]\" \/>\n<meta property=\"og:url\" content=\"https:\/\/magazine.swissinformatics.org\/de\/balzert-preis-2022\/\" \/>\n<meta property=\"og:site_name\" content=\"SI Digital Magazine\" \/>\n<meta property=\"article:publisher\" content=\"https:\/\/www.facebook.com\/www.swissinformatics.org\/?fref=ts\" \/>\n<meta property=\"article:author\" content=\"https:\/\/www.facebook.com\/profile.php?id=100009663542147\" \/>\n<meta property=\"article:published_time\" content=\"2022-11-25T12:35:00+00:00\" \/>\n<meta property=\"article:modified_time\" content=\"2022-12-14T14:10:46+00:00\" \/>\n<meta property=\"og:image\" content=\"https:\/\/magazine.swissinformatics.org\/wp-content\/uploads\/2022\/12\/2022-09-29_informatik_2366_1200x800_for_FI.png\" \/>\n\t<meta property=\"og:image:width\" content=\"800\" \/>\n\t<meta property=\"og:image:height\" content=\"533\" \/>\n\t<meta property=\"og:image:type\" content=\"image\/png\" \/>\n<meta name=\"author\" content=\"sidm\" \/>\n<meta name=\"twitter:card\" content=\"summary_large_image\" \/>\n<meta name=\"twitter:creator\" content=\"@https:\/\/twitter.com\/SIGesellschaft\" \/>\n<meta name=\"twitter:site\" content=\"@SIGesellschaft\" \/>\n<meta name=\"twitter:label1\" content=\"Verfasst von\" \/>\n\t<meta name=\"twitter:data1\" content=\"sidm\" \/>\n\t<meta name=\"twitter:label2\" content=\"Gesch\u00e4tzte Lesezeit\" \/>\n\t<meta name=\"twitter:data2\" content=\"2 Minuten\" \/>\n<script type=\"application\/ld+json\" class=\"yoast-schema-graph\">{\"@context\":\"https:\/\/schema.org\",\"@graph\":[{\"@type\":\"Article\",\"@id\":\"https:\/\/magazine.swissinformatics.org\/de\/balzert-preis-2022\/#article\",\"isPartOf\":{\"@id\":\"https:\/\/magazine.swissinformatics.org\/de\/balzert-preis-2022\/\"},\"author\":{\"name\":\"sidm\",\"@id\":\"https:\/\/magazine.swissinformatics.org\/en\/#\/schema\/person\/e43114194f4d0b688f8f37f53695f5e8\"},\"headline\":\"Balzert Preis 2022\",\"datePublished\":\"2022-11-25T12:35:00+00:00\",\"dateModified\":\"2022-12-14T14:10:46+00:00\",\"mainEntityOfPage\":{\"@id\":\"https:\/\/magazine.swissinformatics.org\/de\/balzert-preis-2022\/\"},\"wordCount\":295,\"commentCount\":0,\"publisher\":{\"@id\":\"https:\/\/magazine.swissinformatics.org\/en\/#organization\"},\"articleSection\":[\"\u2022 Mitteilung \u2022\",\"Lernen\"],\"inLanguage\":\"de-DE\",\"potentialAction\":[{\"@type\":\"CommentAction\",\"name\":\"Comment\",\"target\":[\"https:\/\/magazine.swissinformatics.org\/de\/balzert-preis-2022\/#respond\"]}]},{\"@type\":\"WebPage\",\"@id\":\"https:\/\/magazine.swissinformatics.org\/de\/balzert-preis-2022\/\",\"url\":\"https:\/\/magazine.swissinformatics.org\/de\/balzert-preis-2022\/\",\"name\":\"Balzert Preis 2022 - SI Digital Magazine\",\"isPartOf\":{\"@id\":\"https:\/\/magazine.swissinformatics.org\/en\/#website\"},\"datePublished\":\"2022-11-25T12:35:00+00:00\",\"dateModified\":\"2022-12-14T14:10:46+00:00\",\"breadcrumb\":{\"@id\":\"https:\/\/magazine.swissinformatics.org\/de\/balzert-preis-2022\/#breadcrumb\"},\"inLanguage\":\"de-DE\",\"potentialAction\":[{\"@type\":\"ReadAction\",\"target\":[\"https:\/\/magazine.swissinformatics.org\/de\/balzert-preis-2022\/\"]}]},{\"@type\":\"BreadcrumbList\",\"@id\":\"https:\/\/magazine.swissinformatics.org\/de\/balzert-preis-2022\/#breadcrumb\",\"itemListElement\":[{\"@type\":\"ListItem\",\"position\":1,\"name\":\"Home\",\"item\":\"https:\/\/magazine.swissinformatics.org\/en\/\"},{\"@type\":\"ListItem\",\"position\":2,\"name\":\"Balzert Preis 2022\"}]},{\"@type\":\"WebSite\",\"@id\":\"https:\/\/magazine.swissinformatics.org\/en\/#website\",\"url\":\"https:\/\/magazine.swissinformatics.org\/en\/\",\"name\":\"SI Digital Magazine\",\"description\":\"News - Nachrichten - Nouvelles - Notizie\",\"publisher\":{\"@id\":\"https:\/\/magazine.swissinformatics.org\/en\/#organization\"},\"potentialAction\":[{\"@type\":\"SearchAction\",\"target\":{\"@type\":\"EntryPoint\",\"urlTemplate\":\"https:\/\/magazine.swissinformatics.org\/en\/?s={search_term_string}\"},\"query-input\":\"required name=search_term_string\"}],\"inLanguage\":\"de-DE\"},{\"@type\":\"Organization\",\"@id\":\"https:\/\/magazine.swissinformatics.org\/en\/#organization\",\"name\":\"Swiss Informatics Society\",\"url\":\"https:\/\/magazine.swissinformatics.org\/en\/\",\"logo\":{\"@type\":\"ImageObject\",\"inLanguage\":\"de-DE\",\"@id\":\"https:\/\/magazine.swissinformatics.org\/en\/#\/schema\/logo\/image\/\",\"url\":\"https:\/\/magazine.swissinformatics.org\/wp-content\/uploads\/2017\/11\/SI_KeyImage_4to3.jpg\",\"contentUrl\":\"https:\/\/magazine.swissinformatics.org\/wp-content\/uploads\/2017\/11\/SI_KeyImage_4to3.jpg\",\"width\":1441,\"height\":1081,\"caption\":\"Swiss Informatics Society\"},\"image\":{\"@id\":\"https:\/\/magazine.swissinformatics.org\/en\/#\/schema\/logo\/image\/\"},\"sameAs\":[\"https:\/\/www.facebook.com\/www.swissinformatics.org\/?fref=ts\",\"https:\/\/twitter.com\/SIGesellschaft\",\"https:\/\/www.youtube.com\/channel\/UCYUEr1Qkbri9GDTa84z415g\"]},{\"@type\":\"Person\",\"@id\":\"https:\/\/magazine.swissinformatics.org\/en\/#\/schema\/person\/e43114194f4d0b688f8f37f53695f5e8\",\"name\":\"sidm\",\"image\":{\"@type\":\"ImageObject\",\"inLanguage\":\"de-DE\",\"@id\":\"https:\/\/magazine.swissinformatics.org\/en\/#\/schema\/person\/image\/\",\"url\":\"https:\/\/secure.gravatar.com\/avatar\/0a71524529d6c0d258f9f6e8b3141f75?s=96&d=mm&r=g\",\"contentUrl\":\"https:\/\/secure.gravatar.com\/avatar\/0a71524529d6c0d258f9f6e8b3141f75?s=96&d=mm&r=g\",\"caption\":\"sidm\"},\"description\":\"The SI Digital Magazine (SIDM) is the electronic members\u2019 magazine of the Swiss Informatics Society SI.\",\"sameAs\":[\"https:\/\/magazine.swissinformatics.org\",\"https:\/\/www.facebook.com\/profile.php?id=100009663542147\",\"https:\/\/twitter.com\/https:\/\/twitter.com\/SIGesellschaft\",\"https:\/\/www.youtube.com\/channel\/UCYUEr1Qkbri9GDTa84z415g\"],\"url\":\"https:\/\/magazine.swissinformatics.org\/de\/author\/sidm\/\"}]}<\/script>\n<!-- \/ Yoast SEO plugin. -->","yoast_head_json":{"title":"Balzert Preis 2022 - SI Digital Magazine","robots":{"index":"index","follow":"follow","max-snippet":"max-snippet:-1","max-image-preview":"max-image-preview:large","max-video-preview":"max-video-preview:-1"},"canonical":"https:\/\/magazine.swissinformatics.org\/de\/balzert-preis-2022\/","og_locale":"de_DE","og_type":"article","og_title":"Balzert Preis 2022 - SI Digital Magazine","og_description":"Der diesj\u00e4hrige Helmut und Heide Balzert-Preis f\u00fcr hervorragende Beitr\u00e4ge zur Vermittlung von Inhalten der Informatik und zur Didaktik der Informatik wurde an Stefan Seegerer verliehen. Preisverleihung am 29. September 2022 in HamburgMitte: der Preistr\u00e4ger Stefan Seegerer.Von l. nach r.: Martin Glinz (SI Vorstand), Helmut und Heide Balzert (Preisstifter), Stefan Seegerer (Preistr\u00e4ger), Ulrike Lucke (GI Vizepr\u00e4sidentin), [&hellip;]","og_url":"https:\/\/magazine.swissinformatics.org\/de\/balzert-preis-2022\/","og_site_name":"SI Digital Magazine","article_publisher":"https:\/\/www.facebook.com\/www.swissinformatics.org\/?fref=ts","article_author":"https:\/\/www.facebook.com\/profile.php?id=100009663542147","article_published_time":"2022-11-25T12:35:00+00:00","article_modified_time":"2022-12-14T14:10:46+00:00","og_image":[{"url":"https:\/\/magazine.swissinformatics.org\/wp-content\/uploads\/2022\/12\/2022-09-29_informatik_2366_1200x800_for_FI.png","width":800,"height":533,"type":"image\/png"}],"author":"sidm","twitter_card":"summary_large_image","twitter_creator":"@https:\/\/twitter.com\/SIGesellschaft","twitter_site":"@SIGesellschaft","twitter_misc":{"Verfasst von":"sidm","Gesch\u00e4tzte Lesezeit":"2 Minuten"},"schema":{"@context":"https:\/\/schema.org","@graph":[{"@type":"Article","@id":"https:\/\/magazine.swissinformatics.org\/de\/balzert-preis-2022\/#article","isPartOf":{"@id":"https:\/\/magazine.swissinformatics.org\/de\/balzert-preis-2022\/"},"author":{"name":"sidm","@id":"https:\/\/magazine.swissinformatics.org\/en\/#\/schema\/person\/e43114194f4d0b688f8f37f53695f5e8"},"headline":"Balzert Preis 2022","datePublished":"2022-11-25T12:35:00+00:00","dateModified":"2022-12-14T14:10:46+00:00","mainEntityOfPage":{"@id":"https:\/\/magazine.swissinformatics.org\/de\/balzert-preis-2022\/"},"wordCount":295,"commentCount":0,"publisher":{"@id":"https:\/\/magazine.swissinformatics.org\/en\/#organization"},"articleSection":["\u2022 Mitteilung \u2022","Lernen"],"inLanguage":"de-DE","potentialAction":[{"@type":"CommentAction","name":"Comment","target":["https:\/\/magazine.swissinformatics.org\/de\/balzert-preis-2022\/#respond"]}]},{"@type":"WebPage","@id":"https:\/\/magazine.swissinformatics.org\/de\/balzert-preis-2022\/","url":"https:\/\/magazine.swissinformatics.org\/de\/balzert-preis-2022\/","name":"Balzert Preis 2022 - SI Digital Magazine","isPartOf":{"@id":"https:\/\/magazine.swissinformatics.org\/en\/#website"},"datePublished":"2022-11-25T12:35:00+00:00","dateModified":"2022-12-14T14:10:46+00:00","breadcrumb":{"@id":"https:\/\/magazine.swissinformatics.org\/de\/balzert-preis-2022\/#breadcrumb"},"inLanguage":"de-DE","potentialAction":[{"@type":"ReadAction","target":["https:\/\/magazine.swissinformatics.org\/de\/balzert-preis-2022\/"]}]},{"@type":"BreadcrumbList","@id":"https:\/\/magazine.swissinformatics.org\/de\/balzert-preis-2022\/#breadcrumb","itemListElement":[{"@type":"ListItem","position":1,"name":"Home","item":"https:\/\/magazine.swissinformatics.org\/en\/"},{"@type":"ListItem","position":2,"name":"Balzert Preis 2022"}]},{"@type":"WebSite","@id":"https:\/\/magazine.swissinformatics.org\/en\/#website","url":"https:\/\/magazine.swissinformatics.org\/en\/","name":"SI Digital Magazine","description":"News - Nachrichten - Nouvelles - Notizie","publisher":{"@id":"https:\/\/magazine.swissinformatics.org\/en\/#organization"},"potentialAction":[{"@type":"SearchAction","target":{"@type":"EntryPoint","urlTemplate":"https:\/\/magazine.swissinformatics.org\/en\/?s={search_term_string}"},"query-input":"required name=search_term_string"}],"inLanguage":"de-DE"},{"@type":"Organization","@id":"https:\/\/magazine.swissinformatics.org\/en\/#organization","name":"Swiss Informatics Society","url":"https:\/\/magazine.swissinformatics.org\/en\/","logo":{"@type":"ImageObject","inLanguage":"de-DE","@id":"https:\/\/magazine.swissinformatics.org\/en\/#\/schema\/logo\/image\/","url":"https:\/\/magazine.swissinformatics.org\/wp-content\/uploads\/2017\/11\/SI_KeyImage_4to3.jpg","contentUrl":"https:\/\/magazine.swissinformatics.org\/wp-content\/uploads\/2017\/11\/SI_KeyImage_4to3.jpg","width":1441,"height":1081,"caption":"Swiss Informatics Society"},"image":{"@id":"https:\/\/magazine.swissinformatics.org\/en\/#\/schema\/logo\/image\/"},"sameAs":["https:\/\/www.facebook.com\/www.swissinformatics.org\/?fref=ts","https:\/\/twitter.com\/SIGesellschaft","https:\/\/www.youtube.com\/channel\/UCYUEr1Qkbri9GDTa84z415g"]},{"@type":"Person","@id":"https:\/\/magazine.swissinformatics.org\/en\/#\/schema\/person\/e43114194f4d0b688f8f37f53695f5e8","name":"sidm","image":{"@type":"ImageObject","inLanguage":"de-DE","@id":"https:\/\/magazine.swissinformatics.org\/en\/#\/schema\/person\/image\/","url":"https:\/\/secure.gravatar.com\/avatar\/0a71524529d6c0d258f9f6e8b3141f75?s=96&d=mm&r=g","contentUrl":"https:\/\/secure.gravatar.com\/avatar\/0a71524529d6c0d258f9f6e8b3141f75?s=96&d=mm&r=g","caption":"sidm"},"description":"The SI Digital Magazine (SIDM) is the electronic members\u2019 magazine of the Swiss Informatics Society SI.","sameAs":["https:\/\/magazine.swissinformatics.org","https:\/\/www.facebook.com\/profile.php?id=100009663542147","https:\/\/twitter.com\/https:\/\/twitter.com\/SIGesellschaft","https:\/\/www.youtube.com\/channel\/UCYUEr1Qkbri9GDTa84z415g"],"url":"https:\/\/magazine.swissinformatics.org\/de\/author\/sidm\/"}]}},"_links":{"self":[{"href":"https:\/\/magazine.swissinformatics.org\/de\/wp-json\/wp\/v2\/posts\/19162"}],"collection":[{"href":"https:\/\/magazine.swissinformatics.org\/de\/wp-json\/wp\/v2\/posts"}],"about":[{"href":"https:\/\/magazine.swissinformatics.org\/de\/wp-json\/wp\/v2\/types\/post"}],"author":[{"embeddable":true,"href":"https:\/\/magazine.swissinformatics.org\/de\/wp-json\/wp\/v2\/users\/1837"}],"replies":[{"embeddable":true,"href":"https:\/\/magazine.swissinformatics.org\/de\/wp-json\/wp\/v2\/comments?post=19162"}],"version-history":[{"count":0,"href":"https:\/\/magazine.swissinformatics.org\/de\/wp-json\/wp\/v2\/posts\/19162\/revisions"}],"wp:featuredmedia":[{"embeddable":true,"href":"https:\/\/magazine.swissinformatics.org\/de\/wp-json\/wp\/v2\/media\/19154"}],"wp:attachment":[{"href":"https:\/\/magazine.swissinformatics.org\/de\/wp-json\/wp\/v2\/media?parent=19162"}],"wp:term":[{"taxonomy":"category","embeddable":true,"href":"https:\/\/magazine.swissinformatics.org\/de\/wp-json\/wp\/v2\/categories?post=19162"},{"taxonomy":"post_tag","embeddable":true,"href":"https:\/\/magazine.swissinformatics.org\/de\/wp-json\/wp\/v2\/tags?post=19162"}],"curies":[{"name":"wp","href":"https:\/\/api.w.org\/{rel}","templated":true}]}}