{"id":15388,"date":"2021-06-09T15:02:45","date_gmt":"2021-06-09T13:02:45","guid":{"rendered":"https:\/\/magazine.swissinformatics.org\/?p=15388"},"modified":"2022-07-02T10:44:40","modified_gmt":"2022-07-02T08:44:40","slug":"it-feuer-carolin-baumgartner","status":"publish","type":"post","link":"https:\/\/magazine.swissinformatics.org\/en\/it-feuer-carolin-baumgartner\/","title":{"rendered":"IT Feuer \u2013 Carolin Baumgartner"},"content":{"rendered":"<table>\n<tbody>\n<tr>\n<td valign=\"top\" width=\"250\"><span style=\"color: #e3e3e3\">.<\/span><br \/>\n<img fetchpriority=\"high\" decoding=\"async\" class=\"alignnone size-medium wp-image-15384\" src=\"https:\/\/magazine.swissinformatics.org\/wp-content\/uploads\/2021\/06\/CarolinBaumgartner-300x300.png\" alt=\"Carolin Baumgartner\" width=\"300\" height=\"300\" srcset=\"https:\/\/magazine.swissinformatics.org\/wp-content\/uploads\/2021\/06\/CarolinBaumgartner-300x300.png 300w, https:\/\/magazine.swissinformatics.org\/wp-content\/uploads\/2021\/06\/CarolinBaumgartner-150x150.png 150w, https:\/\/magazine.swissinformatics.org\/wp-content\/uploads\/2021\/06\/CarolinBaumgartner.png 500w\" sizes=\"(max-width: 300px) 100vw, 300px\" \/><\/td>\n<td valign=\"top\">&nbsp;<\/p>\n<h3>Carolin Baumgartner<\/h3>\n<h4>Sicherheitsbeauftragte der Steuerverwaltung des Kantons Bern, Dozentin UniFr<\/h4>\n<p>Jahrgang: 1981<br \/>\nEin Kind<\/p>\n<p><em>\u201eEinfach machen \ud83d\ude0a.\u201c<\/em><\/p>\n<p>Werdegang: Gymnasium in Berlin \u00b7 Informatikstudium Uni Bern \u00b7 Dr. in Informatik Uni Fribourg<\/td>\n<\/tr>\n<\/tbody>\n<\/table>\n<p>&nbsp;<\/p>\n<h3>Wie sind Sie in die IT-Branche gekommen?<\/h3>\n<p><em>Welches war Ihre erste Begegnung mit IT? \u00a0 Wann, wie und warum haben Sie dann Feuer gefangen?<\/em><br \/>\nWir hatten einfach fr\u00fch schon Computer zu Hause und dann auch recht schnell Internet. Das war zu einer Zeit, als das alles andere als \u00fcblich war, so dass Schulkollegen zu uns kamen um mal \u00abDas Internet\u00bb zu sehen. Irgendwie rutscht man da dann so rein.<\/p>\n<p><em>Wie alt waren Sie da?<\/em><br \/>\nDas war irgendwann w\u00e4hrend der Schulzeit, relativ fr\u00fch.<\/p>\n<p><em>Wie alt waren Sie, als es ernst wurde und Sie sich f\u00fcr eine Berufslehre bzw. eine Studienrichtung entscheiden mussten?<\/em><br \/>\n20 Jahre.<\/p>\n<p><em>Was f\u00fcr alternative Berufe oder Studienrichtungen haben Sie damals ebenfalls interessiert?<\/em><br \/>\nArchitektur, aber Informatik galt als zukunftsweisender und generisch. Damit kann man ja dann \u00fcberall hingehen.<\/p>\n<p><em>Welche Infos hatten Sie damals \u00fcber die Ausbildung und die M\u00f6glichkeiten danach?<\/em><br \/>\nKeine.<\/p>\n<p><em>Was sprach dagegen aus Ihrer damaligen Sicht?<\/em><br \/>\nNichts :-).<\/p>\n<p><em>Wer, welche Personen, welche Umst\u00e4nde haben f\u00fcr Sie damals gegen eine Laufbahn, in der IT zu gesprochen?<\/em><br \/>\nGar keine, ehrlich gesagt.<\/p>\n<p><em>Was war letztendlich doch ausschlaggebend f\u00fcr Ihren Entscheid, in die IT zu gehen?<\/em><br \/>\nEs hat mich einfach interessiert. Ich war immer technikaffin.<\/p>\n<p><em>Wer, welche Personen, haben Sie damals unterst\u00fctzt?<\/em><br \/>\nAlle. Das war wirklich kein Thema. Gar keines.<\/p>\n<h3>Wie verlief Ihr Weg nach der Ausbildung bzw. nach dem Studium?<\/h3>\n<p><em>Welches waren Ihre ersten Schritte nach dem Studium?<\/em><br \/>\nWeitermachen (Doktorat) \ud83d\ude0a. Ich fand die Uni toll.<\/p>\n<p><em>Wo standen Sie in Ihrer Karriere f\u00fcnf Jahre nach Ende der Ausbildung\/Studium?<\/em><br \/>\nF\u00fcnf Jahre nach Studium war ich gerade fertig mit dem Doktorat und hatte eine 50% Stelle bei Swisscom Innovations. F\u00fcnf Jahre nach dem Doktorat habe ich bei Swisscom ein Security Development Team gef\u00fchrt und bin dann zu siroop gegangen als Head of Security.<\/p>\n<p><em>Hatten Sie<\/em><br \/>\n<em>a) Denselben Lohn wie Ihre m\u00e4nnlichen Kollegen?<\/em><br \/>\nVon dem was ich weiss, etwas niedriger. Ich war auch nie gut im Verhandeln meines Lohns.<\/p>\n<p><em>b) Dieselben Karrierechancen?<\/em><br \/>\nPrinzipiell hatte ich ja eine Managementposition, also hatte ich wohl gute Chancen.<\/p>\n<h3>Wie sch\u00e4tzen Sie die Entscheidung f\u00fcr die IT r\u00fcckblickend ein?<\/h3>\n<p><em>Welche Ihrer Erwartungen wurden erf\u00fcllt?<\/em><br \/>\nSpannende T\u00e4tigkeiten in nahezu beliebigen Branchen.<\/p>\n<p><em>Was freut Sie am meisten an ihrer aktuellen beruflichen Situation?<\/em><br \/>\nTolles Team und wieder eine neue Branche (\u00f6ffentliche Verwaltung).<\/p>\n<p><em>Welche Ihrer Erwartungen wurden nicht erf\u00fcllt?<\/em><br \/>\nHm, ich bin da ziemlich reingestolpert ohne so viele Erwartungen, insofern wurde eigentlich nichts nicht erf\u00fcllt.<\/p>\n<p><em>W\u00fcrden Sie denselben Entscheid nochmals treffen?<\/em><br \/>\nIch denke schon.<\/p>\n<p><em>Was bereuen oder kritisieren Sie?<\/em><br \/>\nIn IT Bereichen arbeiten h\u00e4ufig viel zu viele fachfremde Personen. Auch wenn das bereichernd ist, sollte es eine brauchbare Menge an Fachpersonen haben.<\/p>\n<p><em>Wie w\u00e4re\/w\u00fcrde Ihre Laufbahn anders verlaufen, wenn Sie ein Mann w\u00e4ren?<\/em><br \/>\nDas weiss ich nicht.<\/p>\n<p><em>Was w\u00fcrden Sie anders machen, und wie genau, wenn Sie k\u00f6nnten?<\/em><br \/>\nVielleicht w\u00fcrde ich doch noch etwas weiter in eine akademische Karriere gehen. Schwer zu sagen.<\/p>\n<p><em>H\u00e4tten Sie einen Zauberstab, was w\u00fcrden Sie sich w\u00fcnschen?<\/em><br \/>\nEine flexiblere Kinderbetreuung \u2013 das gar aber nichts mit IT zu tun.<\/p>\n<h3>Was raten Sie Ihrer Tochter?<\/h3>\n<p><em>Welche Ratschl\u00e4ge w\u00fcrden Sie ihrer 15-j\u00e4hrigen Tochter mit auf den Weg geben, wenn sie gern in die IT gehen m\u00f6chte?<\/em><br \/>\nEinfach machen \ud83d\ude0a.<\/p>\n<p><em>Was ist f\u00fcr Sie in beruflicher Hinsicht wichtig im Leben?<\/em><br \/>\nEs muss Spass machen und Perspektiven geben. Ich lerne gern und viel. Wenn ich an einem Ort nicht mehr lernen kann, gehe ich.<\/p>\n<p><em>Worauf m\u00fcsste eine junge Frau, die im Jahr 2061 pensioniert wird, bei der Gestaltung ihre Laufbahn achten?<\/em><br \/>\nSie sollte arbeiten und unabh\u00e4ngig sein. Ab da stehen einem alle T\u00fcren offen.<\/p>\n<p><em>Anmerkung<\/em><br \/>\nDer Fragebogen geht sehr stark auf die Unterschiede Mann-Frau ein. Damit hatte ich tats\u00e4chlich nur extrem selten M\u00fche. Einmal hatte ich einen Chef-Chef, welcher der Meinung war, Frauen sind nur normal, wenn sie auf ihn stehen und wenn sie das nicht tun, sind sie irgendwie komisch. Das halte ich f\u00fcr extrem unprofessionell und habe dann dementsprechend z\u00fcgig den Job gewechselt.<br \/>\nKrasser finde ich die Unterschiede, wenn man Kinder hat. Es ist nach wie vor nicht einfach, wenn man Kinder hat und beide Eltern berufst\u00e4tig sind. Das klassische Modell, wo einer zu Hause bleibt, ist immer noch anerkannter. Das merkt man bei der Flexibilit\u00e4t von Kinderbetreuung, aber auch im Job. Meetings in Randzeiten sind aktuell einfach nicht m\u00f6glich und das war nicht in allen meinen Jobs anerkannt. Aktuell ist es kein Thema zum Gl\u00fcck. Man merkt es aber auch daran, was Arbeitszeitreglemente vorsehen, wenn beispielsweise ein Kind krank wird. Die Erwartung, dass man dann Ferien nimmt, halte ich f\u00fcr fehl am Platz. Sowas bremst dann \u00fcblicherweise die Berufst\u00e4tigkeit von Frauen in allen Bereichen. Ich k\u00e4mpfe dagegen an, aber das ist hart.<\/p>\n<p><a href=\"https:\/\/magazine.swissinformatics.org\/a-stage-for-women-in-it\/\">Back to overview page<\/a><\/p>\n","protected":false},"excerpt":{"rendered":"<p>. &nbsp; Carolin Baumgartner Sicherheitsbeauftragte der Steuerverwaltung des Kantons Bern, Dozentin UniFr Jahrgang: 1981 Ein Kind \u201eEinfach machen \ud83d\ude0a.\u201c Werdegang: Gymnasium in Berlin \u00b7 Informatikstudium Uni Bern \u00b7 Dr. in Informatik Uni Fribourg &nbsp; Wie sind Sie in die IT-Branche gekommen? Welches war Ihre erste Begegnung mit IT? \u00a0 Wann, wie und warum haben Sie [&hellip;]<\/p>\n","protected":false},"author":1837,"featured_media":15384,"comment_status":"open","ping_status":"closed","sticky":false,"template":"","format":"standard","meta":{"footnotes":""},"categories":[670,4795],"tags":[],"yoast_head":"<!-- This site is optimized with the Yoast SEO plugin v21.1 - https:\/\/yoast.com\/wordpress\/plugins\/seo\/ -->\n<title>IT Feuer \u2013 Carolin Baumgartner - SI Digital Magazine<\/title>\n<meta name=\"robots\" content=\"index, follow, max-snippet:-1, max-image-preview:large, max-video-preview:-1\" \/>\n<link rel=\"canonical\" href=\"https:\/\/magazine.swissinformatics.org\/en\/it-feuer-carolin-baumgartner\/\" \/>\n<meta property=\"og:locale\" content=\"en_US\" \/>\n<meta property=\"og:type\" content=\"article\" \/>\n<meta property=\"og:title\" content=\"IT Feuer \u2013 Carolin Baumgartner - SI Digital Magazine\" \/>\n<meta property=\"og:description\" content=\". &nbsp; Carolin Baumgartner Sicherheitsbeauftragte der Steuerverwaltung des Kantons Bern, Dozentin UniFr Jahrgang: 1981 Ein Kind \u201eEinfach machen \ud83d\ude0a.\u201c Werdegang: Gymnasium in Berlin \u00b7 Informatikstudium Uni Bern \u00b7 Dr. in Informatik Uni Fribourg &nbsp; Wie sind Sie in die IT-Branche gekommen? Welches war Ihre erste Begegnung mit IT? \u00a0 Wann, wie und warum haben Sie [&hellip;]\" \/>\n<meta property=\"og:url\" content=\"https:\/\/magazine.swissinformatics.org\/en\/it-feuer-carolin-baumgartner\/\" \/>\n<meta property=\"og:site_name\" content=\"SI Digital Magazine\" \/>\n<meta property=\"article:publisher\" content=\"https:\/\/www.facebook.com\/www.swissinformatics.org\/?fref=ts\" \/>\n<meta property=\"article:author\" content=\"https:\/\/www.facebook.com\/profile.php?id=100009663542147\" \/>\n<meta property=\"article:published_time\" content=\"2021-06-09T13:02:45+00:00\" \/>\n<meta property=\"article:modified_time\" content=\"2022-07-02T08:44:40+00:00\" \/>\n<meta property=\"og:image\" content=\"https:\/\/magazine.swissinformatics.org\/wp-content\/uploads\/2021\/06\/CarolinBaumgartner.png\" \/>\n\t<meta property=\"og:image:width\" content=\"500\" \/>\n\t<meta property=\"og:image:height\" content=\"500\" \/>\n\t<meta property=\"og:image:type\" content=\"image\/png\" \/>\n<meta name=\"author\" content=\"sidm\" \/>\n<meta name=\"twitter:card\" content=\"summary_large_image\" \/>\n<meta name=\"twitter:creator\" content=\"@https:\/\/twitter.com\/SIGesellschaft\" \/>\n<meta name=\"twitter:site\" content=\"@SIGesellschaft\" \/>\n<meta name=\"twitter:label1\" content=\"Written by\" \/>\n\t<meta name=\"twitter:data1\" content=\"sidm\" \/>\n\t<meta name=\"twitter:label2\" content=\"Est. reading time\" \/>\n\t<meta name=\"twitter:data2\" content=\"4 minutes\" \/>\n<script type=\"application\/ld+json\" class=\"yoast-schema-graph\">{\"@context\":\"https:\/\/schema.org\",\"@graph\":[{\"@type\":\"Article\",\"@id\":\"https:\/\/magazine.swissinformatics.org\/en\/it-feuer-carolin-baumgartner\/#article\",\"isPartOf\":{\"@id\":\"https:\/\/magazine.swissinformatics.org\/en\/it-feuer-carolin-baumgartner\/\"},\"author\":{\"name\":\"sidm\",\"@id\":\"https:\/\/magazine.swissinformatics.org\/en\/#\/schema\/person\/e43114194f4d0b688f8f37f53695f5e8\"},\"headline\":\"IT Feuer \u2013 Carolin Baumgartner\",\"datePublished\":\"2021-06-09T13:02:45+00:00\",\"dateModified\":\"2022-07-02T08:44:40+00:00\",\"mainEntityOfPage\":{\"@id\":\"https:\/\/magazine.swissinformatics.org\/en\/it-feuer-carolin-baumgartner\/\"},\"wordCount\":848,\"commentCount\":0,\"publisher\":{\"@id\":\"https:\/\/magazine.swissinformatics.org\/en\/#organization\"},\"articleSection\":[\"\u2022 Interview \u2022\",\"Women in IT\"],\"inLanguage\":\"en-US\",\"potentialAction\":[{\"@type\":\"CommentAction\",\"name\":\"Comment\",\"target\":[\"https:\/\/magazine.swissinformatics.org\/en\/it-feuer-carolin-baumgartner\/#respond\"]}]},{\"@type\":\"WebPage\",\"@id\":\"https:\/\/magazine.swissinformatics.org\/en\/it-feuer-carolin-baumgartner\/\",\"url\":\"https:\/\/magazine.swissinformatics.org\/en\/it-feuer-carolin-baumgartner\/\",\"name\":\"IT Feuer \u2013 Carolin Baumgartner - SI Digital Magazine\",\"isPartOf\":{\"@id\":\"https:\/\/magazine.swissinformatics.org\/en\/#website\"},\"datePublished\":\"2021-06-09T13:02:45+00:00\",\"dateModified\":\"2022-07-02T08:44:40+00:00\",\"breadcrumb\":{\"@id\":\"https:\/\/magazine.swissinformatics.org\/en\/it-feuer-carolin-baumgartner\/#breadcrumb\"},\"inLanguage\":\"en-US\",\"potentialAction\":[{\"@type\":\"ReadAction\",\"target\":[\"https:\/\/magazine.swissinformatics.org\/en\/it-feuer-carolin-baumgartner\/\"]}]},{\"@type\":\"BreadcrumbList\",\"@id\":\"https:\/\/magazine.swissinformatics.org\/en\/it-feuer-carolin-baumgartner\/#breadcrumb\",\"itemListElement\":[{\"@type\":\"ListItem\",\"position\":1,\"name\":\"Home\",\"item\":\"https:\/\/magazine.swissinformatics.org\/en\/\"},{\"@type\":\"ListItem\",\"position\":2,\"name\":\"IT Feuer \u2013 Carolin Baumgartner\"}]},{\"@type\":\"WebSite\",\"@id\":\"https:\/\/magazine.swissinformatics.org\/en\/#website\",\"url\":\"https:\/\/magazine.swissinformatics.org\/en\/\",\"name\":\"SI Digital Magazine\",\"description\":\"Articles from the Swiss Informatics Society (Blog)\",\"publisher\":{\"@id\":\"https:\/\/magazine.swissinformatics.org\/en\/#organization\"},\"potentialAction\":[{\"@type\":\"SearchAction\",\"target\":{\"@type\":\"EntryPoint\",\"urlTemplate\":\"https:\/\/magazine.swissinformatics.org\/en\/?s={search_term_string}\"},\"query-input\":\"required name=search_term_string\"}],\"inLanguage\":\"en-US\"},{\"@type\":\"Organization\",\"@id\":\"https:\/\/magazine.swissinformatics.org\/en\/#organization\",\"name\":\"Swiss Informatics Society\",\"url\":\"https:\/\/magazine.swissinformatics.org\/en\/\",\"logo\":{\"@type\":\"ImageObject\",\"inLanguage\":\"en-US\",\"@id\":\"https:\/\/magazine.swissinformatics.org\/en\/#\/schema\/logo\/image\/\",\"url\":\"https:\/\/magazine.swissinformatics.org\/wp-content\/uploads\/2017\/11\/SI_KeyImage_4to3.jpg\",\"contentUrl\":\"https:\/\/magazine.swissinformatics.org\/wp-content\/uploads\/2017\/11\/SI_KeyImage_4to3.jpg\",\"width\":1441,\"height\":1081,\"caption\":\"Swiss Informatics Society\"},\"image\":{\"@id\":\"https:\/\/magazine.swissinformatics.org\/en\/#\/schema\/logo\/image\/\"},\"sameAs\":[\"https:\/\/www.facebook.com\/www.swissinformatics.org\/?fref=ts\",\"https:\/\/twitter.com\/SIGesellschaft\",\"https:\/\/www.youtube.com\/channel\/UCYUEr1Qkbri9GDTa84z415g\"]},{\"@type\":\"Person\",\"@id\":\"https:\/\/magazine.swissinformatics.org\/en\/#\/schema\/person\/e43114194f4d0b688f8f37f53695f5e8\",\"name\":\"sidm\",\"image\":{\"@type\":\"ImageObject\",\"inLanguage\":\"en-US\",\"@id\":\"https:\/\/magazine.swissinformatics.org\/en\/#\/schema\/person\/image\/\",\"url\":\"https:\/\/secure.gravatar.com\/avatar\/0a71524529d6c0d258f9f6e8b3141f75?s=96&d=mm&r=g\",\"contentUrl\":\"https:\/\/secure.gravatar.com\/avatar\/0a71524529d6c0d258f9f6e8b3141f75?s=96&d=mm&r=g\",\"caption\":\"sidm\"},\"description\":\"The SI Digital Magazine (SIDM) is the electronic members\u2019 magazine of the Swiss Informatics Society SI.\",\"sameAs\":[\"https:\/\/magazine.swissinformatics.org\",\"https:\/\/www.facebook.com\/profile.php?id=100009663542147\",\"https:\/\/twitter.com\/https:\/\/twitter.com\/SIGesellschaft\",\"https:\/\/www.youtube.com\/channel\/UCYUEr1Qkbri9GDTa84z415g\"],\"url\":\"https:\/\/magazine.swissinformatics.org\/en\/author\/sidm\/\"}]}<\/script>\n<!-- \/ Yoast SEO plugin. -->","yoast_head_json":{"title":"IT Feuer \u2013 Carolin Baumgartner - SI Digital Magazine","robots":{"index":"index","follow":"follow","max-snippet":"max-snippet:-1","max-image-preview":"max-image-preview:large","max-video-preview":"max-video-preview:-1"},"canonical":"https:\/\/magazine.swissinformatics.org\/en\/it-feuer-carolin-baumgartner\/","og_locale":"en_US","og_type":"article","og_title":"IT Feuer \u2013 Carolin Baumgartner - SI Digital Magazine","og_description":". &nbsp; Carolin Baumgartner Sicherheitsbeauftragte der Steuerverwaltung des Kantons Bern, Dozentin UniFr Jahrgang: 1981 Ein Kind \u201eEinfach machen \ud83d\ude0a.\u201c Werdegang: Gymnasium in Berlin \u00b7 Informatikstudium Uni Bern \u00b7 Dr. in Informatik Uni Fribourg &nbsp; Wie sind Sie in die IT-Branche gekommen? Welches war Ihre erste Begegnung mit IT? \u00a0 Wann, wie und warum haben Sie [&hellip;]","og_url":"https:\/\/magazine.swissinformatics.org\/en\/it-feuer-carolin-baumgartner\/","og_site_name":"SI Digital Magazine","article_publisher":"https:\/\/www.facebook.com\/www.swissinformatics.org\/?fref=ts","article_author":"https:\/\/www.facebook.com\/profile.php?id=100009663542147","article_published_time":"2021-06-09T13:02:45+00:00","article_modified_time":"2022-07-02T08:44:40+00:00","og_image":[{"width":500,"height":500,"url":"https:\/\/magazine.swissinformatics.org\/wp-content\/uploads\/2021\/06\/CarolinBaumgartner.png","type":"image\/png"}],"author":"sidm","twitter_card":"summary_large_image","twitter_creator":"@https:\/\/twitter.com\/SIGesellschaft","twitter_site":"@SIGesellschaft","twitter_misc":{"Written by":"sidm","Est. reading time":"4 minutes"},"schema":{"@context":"https:\/\/schema.org","@graph":[{"@type":"Article","@id":"https:\/\/magazine.swissinformatics.org\/en\/it-feuer-carolin-baumgartner\/#article","isPartOf":{"@id":"https:\/\/magazine.swissinformatics.org\/en\/it-feuer-carolin-baumgartner\/"},"author":{"name":"sidm","@id":"https:\/\/magazine.swissinformatics.org\/en\/#\/schema\/person\/e43114194f4d0b688f8f37f53695f5e8"},"headline":"IT Feuer \u2013 Carolin Baumgartner","datePublished":"2021-06-09T13:02:45+00:00","dateModified":"2022-07-02T08:44:40+00:00","mainEntityOfPage":{"@id":"https:\/\/magazine.swissinformatics.org\/en\/it-feuer-carolin-baumgartner\/"},"wordCount":848,"commentCount":0,"publisher":{"@id":"https:\/\/magazine.swissinformatics.org\/en\/#organization"},"articleSection":["\u2022 Interview \u2022","Women in IT"],"inLanguage":"en-US","potentialAction":[{"@type":"CommentAction","name":"Comment","target":["https:\/\/magazine.swissinformatics.org\/en\/it-feuer-carolin-baumgartner\/#respond"]}]},{"@type":"WebPage","@id":"https:\/\/magazine.swissinformatics.org\/en\/it-feuer-carolin-baumgartner\/","url":"https:\/\/magazine.swissinformatics.org\/en\/it-feuer-carolin-baumgartner\/","name":"IT Feuer \u2013 Carolin Baumgartner - SI Digital Magazine","isPartOf":{"@id":"https:\/\/magazine.swissinformatics.org\/en\/#website"},"datePublished":"2021-06-09T13:02:45+00:00","dateModified":"2022-07-02T08:44:40+00:00","breadcrumb":{"@id":"https:\/\/magazine.swissinformatics.org\/en\/it-feuer-carolin-baumgartner\/#breadcrumb"},"inLanguage":"en-US","potentialAction":[{"@type":"ReadAction","target":["https:\/\/magazine.swissinformatics.org\/en\/it-feuer-carolin-baumgartner\/"]}]},{"@type":"BreadcrumbList","@id":"https:\/\/magazine.swissinformatics.org\/en\/it-feuer-carolin-baumgartner\/#breadcrumb","itemListElement":[{"@type":"ListItem","position":1,"name":"Home","item":"https:\/\/magazine.swissinformatics.org\/en\/"},{"@type":"ListItem","position":2,"name":"IT Feuer \u2013 Carolin Baumgartner"}]},{"@type":"WebSite","@id":"https:\/\/magazine.swissinformatics.org\/en\/#website","url":"https:\/\/magazine.swissinformatics.org\/en\/","name":"SI Digital Magazine","description":"Articles from the Swiss Informatics Society (Blog)","publisher":{"@id":"https:\/\/magazine.swissinformatics.org\/en\/#organization"},"potentialAction":[{"@type":"SearchAction","target":{"@type":"EntryPoint","urlTemplate":"https:\/\/magazine.swissinformatics.org\/en\/?s={search_term_string}"},"query-input":"required name=search_term_string"}],"inLanguage":"en-US"},{"@type":"Organization","@id":"https:\/\/magazine.swissinformatics.org\/en\/#organization","name":"Swiss Informatics Society","url":"https:\/\/magazine.swissinformatics.org\/en\/","logo":{"@type":"ImageObject","inLanguage":"en-US","@id":"https:\/\/magazine.swissinformatics.org\/en\/#\/schema\/logo\/image\/","url":"https:\/\/magazine.swissinformatics.org\/wp-content\/uploads\/2017\/11\/SI_KeyImage_4to3.jpg","contentUrl":"https:\/\/magazine.swissinformatics.org\/wp-content\/uploads\/2017\/11\/SI_KeyImage_4to3.jpg","width":1441,"height":1081,"caption":"Swiss Informatics Society"},"image":{"@id":"https:\/\/magazine.swissinformatics.org\/en\/#\/schema\/logo\/image\/"},"sameAs":["https:\/\/www.facebook.com\/www.swissinformatics.org\/?fref=ts","https:\/\/twitter.com\/SIGesellschaft","https:\/\/www.youtube.com\/channel\/UCYUEr1Qkbri9GDTa84z415g"]},{"@type":"Person","@id":"https:\/\/magazine.swissinformatics.org\/en\/#\/schema\/person\/e43114194f4d0b688f8f37f53695f5e8","name":"sidm","image":{"@type":"ImageObject","inLanguage":"en-US","@id":"https:\/\/magazine.swissinformatics.org\/en\/#\/schema\/person\/image\/","url":"https:\/\/secure.gravatar.com\/avatar\/0a71524529d6c0d258f9f6e8b3141f75?s=96&d=mm&r=g","contentUrl":"https:\/\/secure.gravatar.com\/avatar\/0a71524529d6c0d258f9f6e8b3141f75?s=96&d=mm&r=g","caption":"sidm"},"description":"The SI Digital Magazine (SIDM) is the electronic members\u2019 magazine of the Swiss Informatics Society SI.","sameAs":["https:\/\/magazine.swissinformatics.org","https:\/\/www.facebook.com\/profile.php?id=100009663542147","https:\/\/twitter.com\/https:\/\/twitter.com\/SIGesellschaft","https:\/\/www.youtube.com\/channel\/UCYUEr1Qkbri9GDTa84z415g"],"url":"https:\/\/magazine.swissinformatics.org\/en\/author\/sidm\/"}]}},"_links":{"self":[{"href":"https:\/\/magazine.swissinformatics.org\/en\/wp-json\/wp\/v2\/posts\/15388"}],"collection":[{"href":"https:\/\/magazine.swissinformatics.org\/en\/wp-json\/wp\/v2\/posts"}],"about":[{"href":"https:\/\/magazine.swissinformatics.org\/en\/wp-json\/wp\/v2\/types\/post"}],"author":[{"embeddable":true,"href":"https:\/\/magazine.swissinformatics.org\/en\/wp-json\/wp\/v2\/users\/1837"}],"replies":[{"embeddable":true,"href":"https:\/\/magazine.swissinformatics.org\/en\/wp-json\/wp\/v2\/comments?post=15388"}],"version-history":[{"count":0,"href":"https:\/\/magazine.swissinformatics.org\/en\/wp-json\/wp\/v2\/posts\/15388\/revisions"}],"wp:featuredmedia":[{"embeddable":true,"href":"https:\/\/magazine.swissinformatics.org\/en\/wp-json\/wp\/v2\/media\/15384"}],"wp:attachment":[{"href":"https:\/\/magazine.swissinformatics.org\/en\/wp-json\/wp\/v2\/media?parent=15388"}],"wp:term":[{"taxonomy":"category","embeddable":true,"href":"https:\/\/magazine.swissinformatics.org\/en\/wp-json\/wp\/v2\/categories?post=15388"},{"taxonomy":"post_tag","embeddable":true,"href":"https:\/\/magazine.swissinformatics.org\/en\/wp-json\/wp\/v2\/tags?post=15388"}],"curies":[{"name":"wp","href":"https:\/\/api.w.org\/{rel}","templated":true}]}}