{"id":13076,"date":"2020-09-16T13:12:18","date_gmt":"2020-09-16T11:12:18","guid":{"rendered":"https:\/\/magazine.swissinformatics.org\/si-general-assembly-2020\/"},"modified":"2020-10-13T17:24:27","modified_gmt":"2020-10-13T15:24:27","slug":"si-general-assembly-2020","status":"publish","type":"post","link":"https:\/\/magazine.swissinformatics.org\/fr\/si-general-assembly-2020\/","title":{"rendered":"SI General Assembly 2020"},"content":{"rendered":"<p>Due to the present restraints on the number of persons that are permitted to assemble is limited, and due to the possibility that this number could change in the near future, this year\u2019s General Assembly will take place as a contactless and as presence event. In this way, SI members can attend the event either online or in person and participation can be guaranteed.<\/p>\n<p>Regardless of how members choose to participate in the general assembly, it will take place on Thursday, October 8, 2020 from 4:30 p.m. to 7:00 p.m. Physically, the meeting will be held at the Bern City Hall, Rathausplatz 2, 3011 Bern. Virtual, the meeting will be held online\u00a0 using the <a href=\"https:\/\/zoom.us\/\" target=\"_blank\" rel=\"noopener noreferrer\">Zoom<\/a> Communications Software.<\/p>\n<p>To register for the event, please use the electronic registration form or download the print version of the form at the links that are given below. Instruction for registration are given on the form. After submitting the form a confirmation will be sent and link to the documentation package for the general assembly will be sent to you per email. The general assembly will be held in the national languages German and French, as well as\u00a0 partly in English.<\/p>\n<p>Voting will take place electronically using the <a href=\"https:\/\/www.polyas.de\/\" target=\"_blank\" rel=\"noopener noreferrer\">Polyas<\/a> Voting Software. Please note that only properly registered SI members will have the right to vote.<\/p>\n<p>The Swiss Digital Summit will take place this year as an online event. Although reduced in scope, this year\u2019s program includes a wide range of topics current to the field of informatics, covered by a selection speakers and dedicated discussion panels. The program will begin at 10am and end at 4pm. Participation is free of charge to members . For more information, please see the dedicated web page for the Summit at the following URL:<\/p>\n<p><a href=\"https:\/\/digital-summit-2020.swissinformatics.org\" target=\"_blank\" rel=\"noopener noreferrer\">https:\/\/digital-summit-2020.swissinformatics.org<\/a><\/p>\n<p>&nbsp;<\/p>\n","protected":false},"excerpt":{"rendered":"<p>Due to the present restraints on the number of persons that are permitted to assemble is limited, and due to the possibility that this number could change in the near future, this year\u2019s General Assembly will take place as a contactless and as presence event. In this way, SI members can attend the event either [&hellip;]<\/p>\n","protected":false},"author":1837,"featured_media":10146,"comment_status":"open","ping_status":"closed","sticky":false,"template":"","format":"standard","meta":{"footnotes":""},"categories":[4890,384],"tags":[],"yoast_head":"<!-- This site is optimized with the Yoast SEO plugin v21.1 - https:\/\/yoast.com\/wordpress\/plugins\/seo\/ -->\n<title>SI General Assembly 2020 - SI Digital Magazine<\/title>\n<meta name=\"robots\" content=\"index, follow, max-snippet:-1, max-image-preview:large, max-video-preview:-1\" \/>\n<link rel=\"canonical\" href=\"https:\/\/magazine.swissinformatics.org\/fr\/si-general-assembly-2020\/\" \/>\n<meta property=\"og:locale\" content=\"fr_FR\" \/>\n<meta property=\"og:type\" content=\"article\" \/>\n<meta property=\"og:title\" content=\"SI General Assembly 2020 - SI Digital Magazine\" \/>\n<meta property=\"og:description\" content=\"Due to the present restraints on the number of persons that are permitted to assemble is limited, and due to the possibility that this number could change in the near future, this year\u2019s General Assembly will take place as a contactless and as presence event. In this way, SI members can attend the event either [&hellip;]\" \/>\n<meta property=\"og:url\" content=\"https:\/\/magazine.swissinformatics.org\/fr\/si-general-assembly-2020\/\" \/>\n<meta property=\"og:site_name\" content=\"SI Digital Magazine\" \/>\n<meta property=\"article:publisher\" content=\"https:\/\/www.facebook.com\/www.swissinformatics.org\/?fref=ts\" \/>\n<meta property=\"article:author\" content=\"https:\/\/www.facebook.com\/profile.php?id=100009663542147\" \/>\n<meta property=\"article:published_time\" content=\"2020-09-16T11:12:18+00:00\" \/>\n<meta property=\"article:modified_time\" content=\"2020-10-13T15:24:27+00:00\" \/>\n<meta property=\"og:image\" content=\"https:\/\/magazine.swissinformatics.org\/wp-content\/uploads\/2016\/10\/Editorial_Images.png\" \/>\n\t<meta property=\"og:image:width\" content=\"1363\" \/>\n\t<meta property=\"og:image:height\" content=\"1000\" \/>\n\t<meta property=\"og:image:type\" content=\"image\/png\" \/>\n<meta name=\"author\" content=\"sidm\" \/>\n<meta name=\"twitter:card\" content=\"summary_large_image\" \/>\n<meta name=\"twitter:creator\" content=\"@https:\/\/twitter.com\/SIGesellschaft\" \/>\n<meta name=\"twitter:site\" content=\"@SIGesellschaft\" \/>\n<meta name=\"twitter:label1\" content=\"\u00c9crit par\" \/>\n\t<meta name=\"twitter:data1\" content=\"sidm\" \/>\n\t<meta name=\"twitter:label2\" content=\"Dur\u00e9e de lecture estim\u00e9e\" \/>\n\t<meta name=\"twitter:data2\" content=\"1 minute\" \/>\n<script type=\"application\/ld+json\" class=\"yoast-schema-graph\">{\"@context\":\"https:\/\/schema.org\",\"@graph\":[{\"@type\":\"Article\",\"@id\":\"https:\/\/magazine.swissinformatics.org\/fr\/si-general-assembly-2020\/#article\",\"isPartOf\":{\"@id\":\"https:\/\/magazine.swissinformatics.org\/fr\/si-general-assembly-2020\/\"},\"author\":{\"name\":\"sidm\",\"@id\":\"https:\/\/magazine.swissinformatics.org\/en\/#\/schema\/person\/e43114194f4d0b688f8f37f53695f5e8\"},\"headline\":\"SI General Assembly 2020\",\"datePublished\":\"2020-09-16T11:12:18+00:00\",\"dateModified\":\"2020-10-13T15:24:27+00:00\",\"mainEntityOfPage\":{\"@id\":\"https:\/\/magazine.swissinformatics.org\/fr\/si-general-assembly-2020\/\"},\"wordCount\":300,\"commentCount\":0,\"publisher\":{\"@id\":\"https:\/\/magazine.swissinformatics.org\/en\/#organization\"},\"articleSection\":[\"\u2022 Communication \u2022\",\"Updates\"],\"inLanguage\":\"fr-FR\",\"potentialAction\":[{\"@type\":\"CommentAction\",\"name\":\"Comment\",\"target\":[\"https:\/\/magazine.swissinformatics.org\/fr\/si-general-assembly-2020\/#respond\"]}]},{\"@type\":\"WebPage\",\"@id\":\"https:\/\/magazine.swissinformatics.org\/fr\/si-general-assembly-2020\/\",\"url\":\"https:\/\/magazine.swissinformatics.org\/fr\/si-general-assembly-2020\/\",\"name\":\"SI General Assembly 2020 - SI Digital Magazine\",\"isPartOf\":{\"@id\":\"https:\/\/magazine.swissinformatics.org\/en\/#website\"},\"datePublished\":\"2020-09-16T11:12:18+00:00\",\"dateModified\":\"2020-10-13T15:24:27+00:00\",\"breadcrumb\":{\"@id\":\"https:\/\/magazine.swissinformatics.org\/fr\/si-general-assembly-2020\/#breadcrumb\"},\"inLanguage\":\"fr-FR\",\"potentialAction\":[{\"@type\":\"ReadAction\",\"target\":[\"https:\/\/magazine.swissinformatics.org\/fr\/si-general-assembly-2020\/\"]}]},{\"@type\":\"BreadcrumbList\",\"@id\":\"https:\/\/magazine.swissinformatics.org\/fr\/si-general-assembly-2020\/#breadcrumb\",\"itemListElement\":[{\"@type\":\"ListItem\",\"position\":1,\"name\":\"Home\",\"item\":\"https:\/\/magazine.swissinformatics.org\/en\/\"},{\"@type\":\"ListItem\",\"position\":2,\"name\":\"SI General Assembly 2020\"}]},{\"@type\":\"WebSite\",\"@id\":\"https:\/\/magazine.swissinformatics.org\/en\/#website\",\"url\":\"https:\/\/magazine.swissinformatics.org\/en\/\",\"name\":\"SI Digital Magazine\",\"description\":\"News - Nachrichten - Nouvelles - Notizie\",\"publisher\":{\"@id\":\"https:\/\/magazine.swissinformatics.org\/en\/#organization\"},\"potentialAction\":[{\"@type\":\"SearchAction\",\"target\":{\"@type\":\"EntryPoint\",\"urlTemplate\":\"https:\/\/magazine.swissinformatics.org\/en\/?s={search_term_string}\"},\"query-input\":\"required name=search_term_string\"}],\"inLanguage\":\"fr-FR\"},{\"@type\":\"Organization\",\"@id\":\"https:\/\/magazine.swissinformatics.org\/en\/#organization\",\"name\":\"Swiss Informatics Society\",\"url\":\"https:\/\/magazine.swissinformatics.org\/en\/\",\"logo\":{\"@type\":\"ImageObject\",\"inLanguage\":\"fr-FR\",\"@id\":\"https:\/\/magazine.swissinformatics.org\/en\/#\/schema\/logo\/image\/\",\"url\":\"https:\/\/magazine.swissinformatics.org\/wp-content\/uploads\/2017\/11\/SI_KeyImage_4to3.jpg\",\"contentUrl\":\"https:\/\/magazine.swissinformatics.org\/wp-content\/uploads\/2017\/11\/SI_KeyImage_4to3.jpg\",\"width\":1441,\"height\":1081,\"caption\":\"Swiss Informatics Society\"},\"image\":{\"@id\":\"https:\/\/magazine.swissinformatics.org\/en\/#\/schema\/logo\/image\/\"},\"sameAs\":[\"https:\/\/www.facebook.com\/www.swissinformatics.org\/?fref=ts\",\"https:\/\/twitter.com\/SIGesellschaft\",\"https:\/\/www.youtube.com\/channel\/UCYUEr1Qkbri9GDTa84z415g\"]},{\"@type\":\"Person\",\"@id\":\"https:\/\/magazine.swissinformatics.org\/en\/#\/schema\/person\/e43114194f4d0b688f8f37f53695f5e8\",\"name\":\"sidm\",\"image\":{\"@type\":\"ImageObject\",\"inLanguage\":\"fr-FR\",\"@id\":\"https:\/\/magazine.swissinformatics.org\/en\/#\/schema\/person\/image\/\",\"url\":\"https:\/\/secure.gravatar.com\/avatar\/0a71524529d6c0d258f9f6e8b3141f75?s=96&d=mm&r=g\",\"contentUrl\":\"https:\/\/secure.gravatar.com\/avatar\/0a71524529d6c0d258f9f6e8b3141f75?s=96&d=mm&r=g\",\"caption\":\"sidm\"},\"description\":\"The SI Digital Magazine (SIDM) is the electronic members\u2019 magazine of the Swiss Informatics Society SI.\",\"sameAs\":[\"https:\/\/magazine.swissinformatics.org\",\"https:\/\/www.facebook.com\/profile.php?id=100009663542147\",\"https:\/\/twitter.com\/https:\/\/twitter.com\/SIGesellschaft\",\"https:\/\/www.youtube.com\/channel\/UCYUEr1Qkbri9GDTa84z415g\"],\"url\":\"https:\/\/magazine.swissinformatics.org\/fr\/author\/sidm\/\"}]}<\/script>\n<!-- \/ Yoast SEO plugin. -->","yoast_head_json":{"title":"SI General Assembly 2020 - SI Digital Magazine","robots":{"index":"index","follow":"follow","max-snippet":"max-snippet:-1","max-image-preview":"max-image-preview:large","max-video-preview":"max-video-preview:-1"},"canonical":"https:\/\/magazine.swissinformatics.org\/fr\/si-general-assembly-2020\/","og_locale":"fr_FR","og_type":"article","og_title":"SI General Assembly 2020 - SI Digital Magazine","og_description":"Due to the present restraints on the number of persons that are permitted to assemble is limited, and due to the possibility that this number could change in the near future, this year\u2019s General Assembly will take place as a contactless and as presence event. In this way, SI members can attend the event either [&hellip;]","og_url":"https:\/\/magazine.swissinformatics.org\/fr\/si-general-assembly-2020\/","og_site_name":"SI Digital Magazine","article_publisher":"https:\/\/www.facebook.com\/www.swissinformatics.org\/?fref=ts","article_author":"https:\/\/www.facebook.com\/profile.php?id=100009663542147","article_published_time":"2020-09-16T11:12:18+00:00","article_modified_time":"2020-10-13T15:24:27+00:00","og_image":[{"width":1363,"height":1000,"url":"https:\/\/magazine.swissinformatics.org\/wp-content\/uploads\/2016\/10\/Editorial_Images.png","type":"image\/png"}],"author":"sidm","twitter_card":"summary_large_image","twitter_creator":"@https:\/\/twitter.com\/SIGesellschaft","twitter_site":"@SIGesellschaft","twitter_misc":{"\u00c9crit par":"sidm","Dur\u00e9e de lecture estim\u00e9e":"1 minute"},"schema":{"@context":"https:\/\/schema.org","@graph":[{"@type":"Article","@id":"https:\/\/magazine.swissinformatics.org\/fr\/si-general-assembly-2020\/#article","isPartOf":{"@id":"https:\/\/magazine.swissinformatics.org\/fr\/si-general-assembly-2020\/"},"author":{"name":"sidm","@id":"https:\/\/magazine.swissinformatics.org\/en\/#\/schema\/person\/e43114194f4d0b688f8f37f53695f5e8"},"headline":"SI General Assembly 2020","datePublished":"2020-09-16T11:12:18+00:00","dateModified":"2020-10-13T15:24:27+00:00","mainEntityOfPage":{"@id":"https:\/\/magazine.swissinformatics.org\/fr\/si-general-assembly-2020\/"},"wordCount":300,"commentCount":0,"publisher":{"@id":"https:\/\/magazine.swissinformatics.org\/en\/#organization"},"articleSection":["\u2022 Communication \u2022","Updates"],"inLanguage":"fr-FR","potentialAction":[{"@type":"CommentAction","name":"Comment","target":["https:\/\/magazine.swissinformatics.org\/fr\/si-general-assembly-2020\/#respond"]}]},{"@type":"WebPage","@id":"https:\/\/magazine.swissinformatics.org\/fr\/si-general-assembly-2020\/","url":"https:\/\/magazine.swissinformatics.org\/fr\/si-general-assembly-2020\/","name":"SI General Assembly 2020 - SI Digital Magazine","isPartOf":{"@id":"https:\/\/magazine.swissinformatics.org\/en\/#website"},"datePublished":"2020-09-16T11:12:18+00:00","dateModified":"2020-10-13T15:24:27+00:00","breadcrumb":{"@id":"https:\/\/magazine.swissinformatics.org\/fr\/si-general-assembly-2020\/#breadcrumb"},"inLanguage":"fr-FR","potentialAction":[{"@type":"ReadAction","target":["https:\/\/magazine.swissinformatics.org\/fr\/si-general-assembly-2020\/"]}]},{"@type":"BreadcrumbList","@id":"https:\/\/magazine.swissinformatics.org\/fr\/si-general-assembly-2020\/#breadcrumb","itemListElement":[{"@type":"ListItem","position":1,"name":"Home","item":"https:\/\/magazine.swissinformatics.org\/en\/"},{"@type":"ListItem","position":2,"name":"SI General Assembly 2020"}]},{"@type":"WebSite","@id":"https:\/\/magazine.swissinformatics.org\/en\/#website","url":"https:\/\/magazine.swissinformatics.org\/en\/","name":"SI Digital Magazine","description":"News - Nachrichten - Nouvelles - Notizie","publisher":{"@id":"https:\/\/magazine.swissinformatics.org\/en\/#organization"},"potentialAction":[{"@type":"SearchAction","target":{"@type":"EntryPoint","urlTemplate":"https:\/\/magazine.swissinformatics.org\/en\/?s={search_term_string}"},"query-input":"required name=search_term_string"}],"inLanguage":"fr-FR"},{"@type":"Organization","@id":"https:\/\/magazine.swissinformatics.org\/en\/#organization","name":"Swiss Informatics Society","url":"https:\/\/magazine.swissinformatics.org\/en\/","logo":{"@type":"ImageObject","inLanguage":"fr-FR","@id":"https:\/\/magazine.swissinformatics.org\/en\/#\/schema\/logo\/image\/","url":"https:\/\/magazine.swissinformatics.org\/wp-content\/uploads\/2017\/11\/SI_KeyImage_4to3.jpg","contentUrl":"https:\/\/magazine.swissinformatics.org\/wp-content\/uploads\/2017\/11\/SI_KeyImage_4to3.jpg","width":1441,"height":1081,"caption":"Swiss Informatics Society"},"image":{"@id":"https:\/\/magazine.swissinformatics.org\/en\/#\/schema\/logo\/image\/"},"sameAs":["https:\/\/www.facebook.com\/www.swissinformatics.org\/?fref=ts","https:\/\/twitter.com\/SIGesellschaft","https:\/\/www.youtube.com\/channel\/UCYUEr1Qkbri9GDTa84z415g"]},{"@type":"Person","@id":"https:\/\/magazine.swissinformatics.org\/en\/#\/schema\/person\/e43114194f4d0b688f8f37f53695f5e8","name":"sidm","image":{"@type":"ImageObject","inLanguage":"fr-FR","@id":"https:\/\/magazine.swissinformatics.org\/en\/#\/schema\/person\/image\/","url":"https:\/\/secure.gravatar.com\/avatar\/0a71524529d6c0d258f9f6e8b3141f75?s=96&d=mm&r=g","contentUrl":"https:\/\/secure.gravatar.com\/avatar\/0a71524529d6c0d258f9f6e8b3141f75?s=96&d=mm&r=g","caption":"sidm"},"description":"The SI Digital Magazine (SIDM) is the electronic members\u2019 magazine of the Swiss Informatics Society SI.","sameAs":["https:\/\/magazine.swissinformatics.org","https:\/\/www.facebook.com\/profile.php?id=100009663542147","https:\/\/twitter.com\/https:\/\/twitter.com\/SIGesellschaft","https:\/\/www.youtube.com\/channel\/UCYUEr1Qkbri9GDTa84z415g"],"url":"https:\/\/magazine.swissinformatics.org\/fr\/author\/sidm\/"}]}},"_links":{"self":[{"href":"https:\/\/magazine.swissinformatics.org\/fr\/wp-json\/wp\/v2\/posts\/13076"}],"collection":[{"href":"https:\/\/magazine.swissinformatics.org\/fr\/wp-json\/wp\/v2\/posts"}],"about":[{"href":"https:\/\/magazine.swissinformatics.org\/fr\/wp-json\/wp\/v2\/types\/post"}],"author":[{"embeddable":true,"href":"https:\/\/magazine.swissinformatics.org\/fr\/wp-json\/wp\/v2\/users\/1837"}],"replies":[{"embeddable":true,"href":"https:\/\/magazine.swissinformatics.org\/fr\/wp-json\/wp\/v2\/comments?post=13076"}],"version-history":[{"count":0,"href":"https:\/\/magazine.swissinformatics.org\/fr\/wp-json\/wp\/v2\/posts\/13076\/revisions"}],"wp:featuredmedia":[{"embeddable":true,"href":"https:\/\/magazine.swissinformatics.org\/fr\/wp-json\/wp\/v2\/media\/10146"}],"wp:attachment":[{"href":"https:\/\/magazine.swissinformatics.org\/fr\/wp-json\/wp\/v2\/media?parent=13076"}],"wp:term":[{"taxonomy":"category","embeddable":true,"href":"https:\/\/magazine.swissinformatics.org\/fr\/wp-json\/wp\/v2\/categories?post=13076"},{"taxonomy":"post_tag","embeddable":true,"href":"https:\/\/magazine.swissinformatics.org\/fr\/wp-json\/wp\/v2\/tags?post=13076"}],"curies":[{"name":"wp","href":"https:\/\/api.w.org\/{rel}","templated":true}]}}