{"id":16425,"date":"2021-10-04T00:10:40","date_gmt":"2021-10-03T22:10:40","guid":{"rendered":"https:\/\/magazine.swissinformatics.org\/it-feuer-priska-altorfer-2\/"},"modified":"2022-11-23T13:57:42","modified_gmt":"2022-11-23T12:57:42","slug":"it-feuer-priska-altorfer","status":"publish","type":"post","link":"https:\/\/magazine.swissinformatics.org\/it\/it-feuer-priska-altorfer\/","title":{"rendered":"IT Feuer \u2013 Priska Altorfer"},"content":{"rendered":"<table>\n<tbody>\n<tr>\n<td valign=\"top\" width=\"160\"><span style=\"color: #e3e3e3\">.<\/span><br \/>\n<img fetchpriority=\"high\" decoding=\"async\" class=\"alignnone size-medium wp-image-16273\" src=\"https:\/\/magazine.swissinformatics.org\/wp-content\/uploads\/2021\/10\/PriskaAltorfer-262x300.png\" alt=\"Priska Altorfer\" width=\"262\" height=\"300\" srcset=\"https:\/\/magazine.swissinformatics.org\/wp-content\/uploads\/2021\/10\/PriskaAltorfer-262x300.png 262w, https:\/\/magazine.swissinformatics.org\/wp-content\/uploads\/2021\/10\/PriskaAltorfer.png 436w\" sizes=\"(max-width: 262px) 100vw, 262px\" \/><\/td>\n<td valign=\"top\">&nbsp;<\/p>\n<h3>Priska Altorfer<\/h3>\n<h4>Gesch\u00e4ftsf\u00fchrerin und Unternehmerin<\/h4>\n<p>Alter: 54<br \/>\n5 Kinder<\/p>\n<p>&nbsp;<\/p>\n<p>Werdegang: Beginn als Import\/Export Angestellte am Flughafen Z\u00fcrich. Wechsel in den internationalen Rohstoffhandel. Positionen als H\u00e4ndlerin in unterschiedlichen Bereichen (Mineral\u00f6l, Stahl und Rohbaumwolle) und Aufenthalte in verschiedenen L\u00e4ndern wie USA\/Brasillien\/\u00c4gypten\/Taiwan. Wechsel in die Informatik und Gr\u00fcndung des eigenen Unternehmens nach der Geburt der ersten Tochter<\/td>\n<\/tr>\n<\/tbody>\n<\/table>\n<p>&nbsp;<\/p>\n<h3>Wie sind Sie in die IT-Branche gekommen?<\/h3>\n<p><em>Welches war Ihre erste Begegnung mit IT? &nbsp; Wann wie und warum haben Sie dann Feuer gefangen?<\/em><br \/>\nIch verbrachte 1984 ein Austauschjahr als AFS Sch\u00fclerin in den USA. In der Highschool habe ich ein Jahr Basic-Programmieren gehabt. Mir hat Programmieren sehr gut gefallen \u2013 aber als ich zur\u00fcck kam, gab es bei uns am Gymi leider keine M\u00f6glichkeit, das weiter zu verfolgen. An der ganzen Kantonsschule haben wir zwei Computer gehabt.<\/p>\n<p><em>Wie alt waren Sie da?<\/em><br \/>\n17 Jahre<\/p>\n<p><em>Wie alt waren Sie, als es ernst wurde und Sie sich f\u00fcr eine Berufslehre bzw. eine Studienrichtung entscheiden mussten?<\/em><br \/>\nIch habe eine Handelsmittelschule gemacht, damit ich ins Ausland gehen konnte. Daf\u00fcr musste ich mich als 15-J\u00e4hrige entscheiden.<\/p>\n<p><em>Was f\u00fcr alternative Berufe oder Studienrichtungen haben Sie damals ebenfalls interessiert?<\/em><br \/>\nFinanziell konnte ich mir kein Studium leisten \u2013 also habe ich mich auf meinen Traum, im internationalen Gebiet zu arbeiten, konzentriert. Technologie hat mich immer begleitet \u2013 auch als H\u00e4ndlerin (einzige Frau) durfte oder musste ich die IT Projekte begleiten.<\/p>\n<p><em>Welche Infos hatten Sie damals \u00fcber die Ausbildung und die M\u00f6glichkeiten danach?<\/em><br \/>\nInformatik wurde mir nie angeboten \u2013 es waren die klassischen Ausbildungswege wie KV\/Lehrerin\/etc.<\/p>\n<p><em>Was sprach dagegen aus Ihrer damaligen Sicht?<\/em><br \/>\nIT gab es an unserer Schule nicht.<\/p>\n<p><em>Wer, welche Personen, welche Umst\u00e4nde haben f\u00fcr Sie damals gegen eine Laufbahn, in der IT zu gesprochen?<\/em><br \/>\nEs gab keine Ausbildungsm\u00f6glichkeiten in der Schweiz.<\/p>\n<p><em>Was war letztendlich doch ausschlaggebend f\u00fcr Ihren Entscheid, in die IT zu gehen?<\/em><br \/>\nMein naiver Glauben, dass die IT eine junge, dynamische Branche sei, bei der ich mich auch als berufst\u00e4tige Mutter voll engagieren kann.<\/p>\n<p><em>Wer, welche Personen, haben Sie damals unterst\u00fctzt?<\/em><br \/>\nDas waren mehrheitlich Kollegen, die mir geraten haben, in diesen Bereich zu wechseln. Da ich die IT ja schon seit meiner Schulzeit in den USA kannte, habe ich keine Zweifel daran gehabt, hier nicht Fuss fassen zu k\u00f6nnen. Die Widerst\u00e4nde waren nicht, dass ich als Frau in der IT arbeitete, sondern als Mutter 100% berufst\u00e4tig war.<\/p>\n<h3>Wie verlief Ihr Weg nach der Ausbildung bzw. nach dem Studium?<\/h3>\n<p><em>Welches waren Ihre ersten Schritte nach dem Studium?<\/em><br \/>\nIch bin direkt in einen Job eingestiegen.<\/p>\n<p><em>Wo standen Sie in Ihrer Karriere f\u00fcnf Jahre nach Ende der Ausbildung\/Studium?<\/em><br \/>\nIch war internationale Rohstoffh\u00e4ndlerin (einzige Frau) und f\u00fchlte mich pudelwohl in meiner Arbeit. Privat war ich unabh\u00e4ngig.<\/p>\n<p><em>Hatten Sie<\/em><br \/>\n<em>a) Denselben Lohn wie Ihre m\u00e4nnlichen Kollegen?<\/em><br \/>\nNein<\/p>\n<p><em>b) Dieselben Karrierechancen?<\/em><br \/>\na. Als Baumwollh\u00e4ndlerin hatte ich sehr gute Mentoren gehabt, die mich gef\u00f6rdert hatten. Es waren alles Ausl\u00e4nder und es ging mir als Frau meist auch viel besser, wenn ich im Ausland gearbeitet habe, da dort der Frauenanteil viel h\u00f6her war als in der Schweiz.<br \/>\nb. In der Informatik in der Schweiz musste ich oft gegen Vorurteile ank\u00e4mpfen. Wenn man nicht die gleiche Sprache spricht wie die m\u00e4nnlichen Kollegen, war es oft nicht einfach. Trotzdem m\u00f6chte ich sagen, dass man gute Karrierechancen in der IT hat \u2013 weil man als Frau raussticht \u2013 weil es so wenige gibt.<\/p>\n<h3>Wie sch\u00e4tzen Sie die Entscheidung f\u00fcr die IT r\u00fcckblickend ein?<\/h3>\n<p><em>Welche Ihrer Erwartungen wurden erf\u00fcllt?<\/em><br \/>\nJa<\/p>\n<p><em>Was freut Sie am meisten an ihrer aktuellen beruflichen Situation?<\/em><br \/>\na. Flexibilit\u00e4t<br \/>\nb. Unabh\u00e4ngigkeit<br \/>\nc. Dynamik der Branche (man bleibt nie stehen)<\/p>\n<p><em>Welche Ihrer Erwartungen wurden nicht erf\u00fcllt?<\/em><br \/>\nVereinbarkeit von Familie und Beruf \u2013 da kann die IT nichts daf\u00fcr \u2013 das ist ein gesellschaftliches Thema.<\/p>\n<p><em>W\u00fcrden Sie denselben Entscheid nochmals treffen?<\/em><br \/>\nIch w\u00fcrde viel fr\u00fcher in die IT wechseln.<\/p>\n<p><em>Was bereuen oder kritisieren Sie?<\/em><br \/>\nDass IT an den Schulen in der Schweiz erst so viel sp\u00e4ter aufgenommen wurde.<\/p>\n<p><em>Wie w\u00e4re\/w\u00fcrde Ihre Laufbahn anders verlaufen, wenn Sie ein Mann w\u00e4ren?<\/em><br \/>\nJa auf jeden Fall<\/p>\n<p><em>Was w\u00fcrden Sie anders machen, und wie genau, wenn Sie k\u00f6nnten?<\/em><br \/>\nNichts<\/p>\n<p><em>H\u00e4tten Sie einen Zauberstab, was w\u00fcrden Sie sich w\u00fcnschen?<\/em><br \/>\nMehr Offenheit und Anerkennung, wenn man Sachen anders macht als andere.<\/p>\n<h3>Was raten Sie Ihrer Tochter?<\/h3>\n<p><em>Welche Ratschl\u00e4ge w\u00fcrden Sie ihrer 15-j\u00e4hrigen Tochter mit auf den Weg geben, wenn sie gern in die IT gehen m\u00f6chte?<\/em><br \/>\nSie soll die ganze Spannbreite der IT kennen lernen und IT nicht als Silo sondern in Kombination mit anderen Bereichen (Biologie\/Technologie\u2026) anschauen.<\/p>\n<p><em>Was ist f\u00fcr Sie in beruflicher Hinsicht wichtig im Leben?<\/em><br \/>\nSpannende Aufgaben und finanzieller Erfolg<\/p>\n<p><em>Worauf m\u00fcsste eine junge Frau, die im Jahr 2061 pensioniert wird, bei der Gestaltung ihre Laufbahn achten?<\/em><br \/>\nSie soll ihr Leben JETZT und HIER leben, die ganze Energie und Freude in ihr Schaffen stecken.<\/p>\n<p><a href=\"https:\/\/magazine.swissinformatics.org\/it\/a-stage-for-women-in-it\/\">Zur\u00fcck zur \u00dcbersichtsseite<\/a><\/p>\n","protected":false},"excerpt":{"rendered":"<p>. &nbsp; Priska Altorfer Gesch\u00e4ftsf\u00fchrerin und Unternehmerin Alter: 54 5 Kinder &nbsp; Werdegang: Beginn als Import\/Export Angestellte am Flughafen Z\u00fcrich. Wechsel in den internationalen Rohstoffhandel. Positionen als H\u00e4ndlerin in unterschiedlichen Bereichen (Mineral\u00f6l, Stahl und Rohbaumwolle) und Aufenthalte in verschiedenen L\u00e4ndern wie USA\/Brasillien\/\u00c4gypten\/Taiwan. Wechsel in die Informatik und Gr\u00fcndung des eigenen Unternehmens nach der Geburt der [&hellip;]<\/p>\n","protected":false},"author":1990,"featured_media":16276,"comment_status":"open","ping_status":"closed","sticky":false,"template":"","format":"standard","meta":{"footnotes":""},"categories":[1005,4797],"tags":[],"yoast_head":"<!-- This site is optimized with the Yoast SEO plugin v21.1 - https:\/\/yoast.com\/wordpress\/plugins\/seo\/ -->\n<title>IT Feuer \u2013 Priska Altorfer - SI Digital Magazine<\/title>\n<meta name=\"robots\" content=\"index, follow, max-snippet:-1, max-image-preview:large, max-video-preview:-1\" \/>\n<link rel=\"canonical\" href=\"https:\/\/magazine.swissinformatics.org\/it\/it-feuer-priska-altorfer\/\" \/>\n<meta property=\"og:locale\" content=\"it_IT\" \/>\n<meta property=\"og:type\" content=\"article\" \/>\n<meta property=\"og:title\" content=\"IT Feuer \u2013 Priska Altorfer - SI Digital Magazine\" \/>\n<meta property=\"og:description\" content=\". &nbsp; Priska Altorfer Gesch\u00e4ftsf\u00fchrerin und Unternehmerin Alter: 54 5 Kinder &nbsp; Werdegang: Beginn als Import\/Export Angestellte am Flughafen Z\u00fcrich. Wechsel in den internationalen Rohstoffhandel. Positionen als H\u00e4ndlerin in unterschiedlichen Bereichen (Mineral\u00f6l, Stahl und Rohbaumwolle) und Aufenthalte in verschiedenen L\u00e4ndern wie USA\/Brasillien\/\u00c4gypten\/Taiwan. Wechsel in die Informatik und Gr\u00fcndung des eigenen Unternehmens nach der Geburt der [&hellip;]\" \/>\n<meta property=\"og:url\" content=\"https:\/\/magazine.swissinformatics.org\/it\/it-feuer-priska-altorfer\/\" \/>\n<meta property=\"og:site_name\" content=\"SI Digital Magazine\" \/>\n<meta property=\"article:publisher\" content=\"https:\/\/www.facebook.com\/www.swissinformatics.org\/?fref=ts\" \/>\n<meta property=\"article:published_time\" content=\"2021-10-03T22:10:40+00:00\" \/>\n<meta property=\"article:modified_time\" content=\"2022-11-23T12:57:42+00:00\" \/>\n<meta property=\"og:image\" content=\"https:\/\/magazine.swissinformatics.org\/wp-content\/uploads\/2021\/10\/PriskaAltorfer.png\" \/>\n\t<meta property=\"og:image:width\" content=\"436\" \/>\n\t<meta property=\"og:image:height\" content=\"500\" \/>\n\t<meta property=\"og:image:type\" content=\"image\/png\" \/>\n<meta name=\"author\" content=\"SIDM Editorial Team\" \/>\n<meta name=\"twitter:card\" content=\"summary_large_image\" \/>\n<meta name=\"twitter:creator\" content=\"@SIGesellschaft\" \/>\n<meta name=\"twitter:site\" content=\"@SIGesellschaft\" \/>\n<meta name=\"twitter:label1\" content=\"Scritto da\" \/>\n\t<meta name=\"twitter:data1\" content=\"SIDM Editorial Team\" \/>\n\t<meta name=\"twitter:label2\" content=\"Tempo di lettura stimato\" \/>\n\t<meta name=\"twitter:data2\" content=\"4 minuti\" \/>\n<script type=\"application\/ld+json\" class=\"yoast-schema-graph\">{\"@context\":\"https:\/\/schema.org\",\"@graph\":[{\"@type\":\"Article\",\"@id\":\"https:\/\/magazine.swissinformatics.org\/it\/it-feuer-priska-altorfer\/#article\",\"isPartOf\":{\"@id\":\"https:\/\/magazine.swissinformatics.org\/it\/it-feuer-priska-altorfer\/\"},\"author\":{\"name\":\"SIDM Editorial Team\",\"@id\":\"https:\/\/magazine.swissinformatics.org\/en\/#\/schema\/person\/452d23b612569f38f60699f14261bae3\"},\"headline\":\"IT Feuer \u2013 Priska Altorfer\",\"datePublished\":\"2021-10-03T22:10:40+00:00\",\"dateModified\":\"2022-11-23T12:57:42+00:00\",\"mainEntityOfPage\":{\"@id\":\"https:\/\/magazine.swissinformatics.org\/it\/it-feuer-priska-altorfer\/\"},\"wordCount\":860,\"commentCount\":0,\"publisher\":{\"@id\":\"https:\/\/magazine.swissinformatics.org\/en\/#organization\"},\"articleSection\":[\"\u2022 Intervista \u2022\",\"Women in IT\"],\"inLanguage\":\"it-IT\",\"potentialAction\":[{\"@type\":\"CommentAction\",\"name\":\"Comment\",\"target\":[\"https:\/\/magazine.swissinformatics.org\/it\/it-feuer-priska-altorfer\/#respond\"]}]},{\"@type\":\"WebPage\",\"@id\":\"https:\/\/magazine.swissinformatics.org\/it\/it-feuer-priska-altorfer\/\",\"url\":\"https:\/\/magazine.swissinformatics.org\/it\/it-feuer-priska-altorfer\/\",\"name\":\"IT Feuer \u2013 Priska Altorfer - SI Digital Magazine\",\"isPartOf\":{\"@id\":\"https:\/\/magazine.swissinformatics.org\/en\/#website\"},\"datePublished\":\"2021-10-03T22:10:40+00:00\",\"dateModified\":\"2022-11-23T12:57:42+00:00\",\"breadcrumb\":{\"@id\":\"https:\/\/magazine.swissinformatics.org\/it\/it-feuer-priska-altorfer\/#breadcrumb\"},\"inLanguage\":\"it-IT\",\"potentialAction\":[{\"@type\":\"ReadAction\",\"target\":[\"https:\/\/magazine.swissinformatics.org\/it\/it-feuer-priska-altorfer\/\"]}]},{\"@type\":\"BreadcrumbList\",\"@id\":\"https:\/\/magazine.swissinformatics.org\/it\/it-feuer-priska-altorfer\/#breadcrumb\",\"itemListElement\":[{\"@type\":\"ListItem\",\"position\":1,\"name\":\"Home\",\"item\":\"https:\/\/magazine.swissinformatics.org\/en\/\"},{\"@type\":\"ListItem\",\"position\":2,\"name\":\"IT Feuer \u2013 Priska Altorfer\"}]},{\"@type\":\"WebSite\",\"@id\":\"https:\/\/magazine.swissinformatics.org\/en\/#website\",\"url\":\"https:\/\/magazine.swissinformatics.org\/en\/\",\"name\":\"SI Digital Magazine\",\"description\":\"News - Nachrichten - Nouvelles - Notizie\",\"publisher\":{\"@id\":\"https:\/\/magazine.swissinformatics.org\/en\/#organization\"},\"potentialAction\":[{\"@type\":\"SearchAction\",\"target\":{\"@type\":\"EntryPoint\",\"urlTemplate\":\"https:\/\/magazine.swissinformatics.org\/en\/?s={search_term_string}\"},\"query-input\":\"required name=search_term_string\"}],\"inLanguage\":\"it-IT\"},{\"@type\":\"Organization\",\"@id\":\"https:\/\/magazine.swissinformatics.org\/en\/#organization\",\"name\":\"Swiss Informatics Society\",\"url\":\"https:\/\/magazine.swissinformatics.org\/en\/\",\"logo\":{\"@type\":\"ImageObject\",\"inLanguage\":\"it-IT\",\"@id\":\"https:\/\/magazine.swissinformatics.org\/en\/#\/schema\/logo\/image\/\",\"url\":\"https:\/\/magazine.swissinformatics.org\/wp-content\/uploads\/2017\/11\/SI_KeyImage_4to3.jpg\",\"contentUrl\":\"https:\/\/magazine.swissinformatics.org\/wp-content\/uploads\/2017\/11\/SI_KeyImage_4to3.jpg\",\"width\":1441,\"height\":1081,\"caption\":\"Swiss Informatics Society\"},\"image\":{\"@id\":\"https:\/\/magazine.swissinformatics.org\/en\/#\/schema\/logo\/image\/\"},\"sameAs\":[\"https:\/\/www.facebook.com\/www.swissinformatics.org\/?fref=ts\",\"https:\/\/twitter.com\/SIGesellschaft\",\"https:\/\/www.youtube.com\/channel\/UCYUEr1Qkbri9GDTa84z415g\"]},{\"@type\":\"Person\",\"@id\":\"https:\/\/magazine.swissinformatics.org\/en\/#\/schema\/person\/452d23b612569f38f60699f14261bae3\",\"name\":\"SIDM Editorial Team\",\"image\":{\"@type\":\"ImageObject\",\"inLanguage\":\"it-IT\",\"@id\":\"https:\/\/magazine.swissinformatics.org\/en\/#\/schema\/person\/image\/\",\"url\":\"https:\/\/secure.gravatar.com\/avatar\/3d5ae574d6ea133c631d314a16529b0e?s=96&d=mm&r=g\",\"contentUrl\":\"https:\/\/secure.gravatar.com\/avatar\/3d5ae574d6ea133c631d314a16529b0e?s=96&d=mm&r=g\",\"caption\":\"SIDM Editorial Team\"},\"url\":\"https:\/\/magazine.swissinformatics.org\/it\/author\/sidmeditors\/\"}]}<\/script>\n<!-- \/ Yoast SEO plugin. -->","yoast_head_json":{"title":"IT Feuer \u2013 Priska Altorfer - SI Digital Magazine","robots":{"index":"index","follow":"follow","max-snippet":"max-snippet:-1","max-image-preview":"max-image-preview:large","max-video-preview":"max-video-preview:-1"},"canonical":"https:\/\/magazine.swissinformatics.org\/it\/it-feuer-priska-altorfer\/","og_locale":"it_IT","og_type":"article","og_title":"IT Feuer \u2013 Priska Altorfer - SI Digital Magazine","og_description":". &nbsp; Priska Altorfer Gesch\u00e4ftsf\u00fchrerin und Unternehmerin Alter: 54 5 Kinder &nbsp; Werdegang: Beginn als Import\/Export Angestellte am Flughafen Z\u00fcrich. Wechsel in den internationalen Rohstoffhandel. Positionen als H\u00e4ndlerin in unterschiedlichen Bereichen (Mineral\u00f6l, Stahl und Rohbaumwolle) und Aufenthalte in verschiedenen L\u00e4ndern wie USA\/Brasillien\/\u00c4gypten\/Taiwan. Wechsel in die Informatik und Gr\u00fcndung des eigenen Unternehmens nach der Geburt der [&hellip;]","og_url":"https:\/\/magazine.swissinformatics.org\/it\/it-feuer-priska-altorfer\/","og_site_name":"SI Digital Magazine","article_publisher":"https:\/\/www.facebook.com\/www.swissinformatics.org\/?fref=ts","article_published_time":"2021-10-03T22:10:40+00:00","article_modified_time":"2022-11-23T12:57:42+00:00","og_image":[{"width":436,"height":500,"url":"https:\/\/magazine.swissinformatics.org\/wp-content\/uploads\/2021\/10\/PriskaAltorfer.png","type":"image\/png"}],"author":"SIDM Editorial Team","twitter_card":"summary_large_image","twitter_creator":"@SIGesellschaft","twitter_site":"@SIGesellschaft","twitter_misc":{"Scritto da":"SIDM Editorial Team","Tempo di lettura stimato":"4 minuti"},"schema":{"@context":"https:\/\/schema.org","@graph":[{"@type":"Article","@id":"https:\/\/magazine.swissinformatics.org\/it\/it-feuer-priska-altorfer\/#article","isPartOf":{"@id":"https:\/\/magazine.swissinformatics.org\/it\/it-feuer-priska-altorfer\/"},"author":{"name":"SIDM Editorial Team","@id":"https:\/\/magazine.swissinformatics.org\/en\/#\/schema\/person\/452d23b612569f38f60699f14261bae3"},"headline":"IT Feuer \u2013 Priska Altorfer","datePublished":"2021-10-03T22:10:40+00:00","dateModified":"2022-11-23T12:57:42+00:00","mainEntityOfPage":{"@id":"https:\/\/magazine.swissinformatics.org\/it\/it-feuer-priska-altorfer\/"},"wordCount":860,"commentCount":0,"publisher":{"@id":"https:\/\/magazine.swissinformatics.org\/en\/#organization"},"articleSection":["\u2022 Intervista \u2022","Women in IT"],"inLanguage":"it-IT","potentialAction":[{"@type":"CommentAction","name":"Comment","target":["https:\/\/magazine.swissinformatics.org\/it\/it-feuer-priska-altorfer\/#respond"]}]},{"@type":"WebPage","@id":"https:\/\/magazine.swissinformatics.org\/it\/it-feuer-priska-altorfer\/","url":"https:\/\/magazine.swissinformatics.org\/it\/it-feuer-priska-altorfer\/","name":"IT Feuer \u2013 Priska Altorfer - SI Digital Magazine","isPartOf":{"@id":"https:\/\/magazine.swissinformatics.org\/en\/#website"},"datePublished":"2021-10-03T22:10:40+00:00","dateModified":"2022-11-23T12:57:42+00:00","breadcrumb":{"@id":"https:\/\/magazine.swissinformatics.org\/it\/it-feuer-priska-altorfer\/#breadcrumb"},"inLanguage":"it-IT","potentialAction":[{"@type":"ReadAction","target":["https:\/\/magazine.swissinformatics.org\/it\/it-feuer-priska-altorfer\/"]}]},{"@type":"BreadcrumbList","@id":"https:\/\/magazine.swissinformatics.org\/it\/it-feuer-priska-altorfer\/#breadcrumb","itemListElement":[{"@type":"ListItem","position":1,"name":"Home","item":"https:\/\/magazine.swissinformatics.org\/en\/"},{"@type":"ListItem","position":2,"name":"IT Feuer \u2013 Priska Altorfer"}]},{"@type":"WebSite","@id":"https:\/\/magazine.swissinformatics.org\/en\/#website","url":"https:\/\/magazine.swissinformatics.org\/en\/","name":"SI Digital Magazine","description":"News - Nachrichten - Nouvelles - Notizie","publisher":{"@id":"https:\/\/magazine.swissinformatics.org\/en\/#organization"},"potentialAction":[{"@type":"SearchAction","target":{"@type":"EntryPoint","urlTemplate":"https:\/\/magazine.swissinformatics.org\/en\/?s={search_term_string}"},"query-input":"required name=search_term_string"}],"inLanguage":"it-IT"},{"@type":"Organization","@id":"https:\/\/magazine.swissinformatics.org\/en\/#organization","name":"Swiss Informatics Society","url":"https:\/\/magazine.swissinformatics.org\/en\/","logo":{"@type":"ImageObject","inLanguage":"it-IT","@id":"https:\/\/magazine.swissinformatics.org\/en\/#\/schema\/logo\/image\/","url":"https:\/\/magazine.swissinformatics.org\/wp-content\/uploads\/2017\/11\/SI_KeyImage_4to3.jpg","contentUrl":"https:\/\/magazine.swissinformatics.org\/wp-content\/uploads\/2017\/11\/SI_KeyImage_4to3.jpg","width":1441,"height":1081,"caption":"Swiss Informatics Society"},"image":{"@id":"https:\/\/magazine.swissinformatics.org\/en\/#\/schema\/logo\/image\/"},"sameAs":["https:\/\/www.facebook.com\/www.swissinformatics.org\/?fref=ts","https:\/\/twitter.com\/SIGesellschaft","https:\/\/www.youtube.com\/channel\/UCYUEr1Qkbri9GDTa84z415g"]},{"@type":"Person","@id":"https:\/\/magazine.swissinformatics.org\/en\/#\/schema\/person\/452d23b612569f38f60699f14261bae3","name":"SIDM Editorial Team","image":{"@type":"ImageObject","inLanguage":"it-IT","@id":"https:\/\/magazine.swissinformatics.org\/en\/#\/schema\/person\/image\/","url":"https:\/\/secure.gravatar.com\/avatar\/3d5ae574d6ea133c631d314a16529b0e?s=96&d=mm&r=g","contentUrl":"https:\/\/secure.gravatar.com\/avatar\/3d5ae574d6ea133c631d314a16529b0e?s=96&d=mm&r=g","caption":"SIDM Editorial Team"},"url":"https:\/\/magazine.swissinformatics.org\/it\/author\/sidmeditors\/"}]}},"_links":{"self":[{"href":"https:\/\/magazine.swissinformatics.org\/it\/wp-json\/wp\/v2\/posts\/16425"}],"collection":[{"href":"https:\/\/magazine.swissinformatics.org\/it\/wp-json\/wp\/v2\/posts"}],"about":[{"href":"https:\/\/magazine.swissinformatics.org\/it\/wp-json\/wp\/v2\/types\/post"}],"author":[{"embeddable":true,"href":"https:\/\/magazine.swissinformatics.org\/it\/wp-json\/wp\/v2\/users\/1990"}],"replies":[{"embeddable":true,"href":"https:\/\/magazine.swissinformatics.org\/it\/wp-json\/wp\/v2\/comments?post=16425"}],"version-history":[{"count":0,"href":"https:\/\/magazine.swissinformatics.org\/it\/wp-json\/wp\/v2\/posts\/16425\/revisions"}],"wp:featuredmedia":[{"embeddable":true,"href":"https:\/\/magazine.swissinformatics.org\/it\/wp-json\/wp\/v2\/media\/16276"}],"wp:attachment":[{"href":"https:\/\/magazine.swissinformatics.org\/it\/wp-json\/wp\/v2\/media?parent=16425"}],"wp:term":[{"taxonomy":"category","embeddable":true,"href":"https:\/\/magazine.swissinformatics.org\/it\/wp-json\/wp\/v2\/categories?post=16425"},{"taxonomy":"post_tag","embeddable":true,"href":"https:\/\/magazine.swissinformatics.org\/it\/wp-json\/wp\/v2\/tags?post=16425"}],"curies":[{"name":"wp","href":"https:\/\/api.w.org\/{rel}","templated":true}]}}